{"id":1962,"date":"2025-04-11T16:30:05","date_gmt":"2025-04-11T14:30:05","guid":{"rendered":"https:\/\/www.chapelle-crecy.com\/?p=1962"},"modified":"2025-04-17T08:33:43","modified_gmt":"2025-04-17T06:33:43","slug":"annonces-du-12-au-20-avril","status":"publish","type":"post","link":"https:\/\/www.chapelle-crecy.com\/?p=1962","title":{"rendered":"Annonces du 12 au 20 avril"},"content":{"rendered":"<table>\n<tbody>\n<tr>\n<td style=\"text-align: left;\" width=300><strong><u>Samedi 12 avril<\/u> :<\/strong><\/td>\n<td style=\"text-align: left;\"><strong><u>18h30 :<\/u> Messe \u00e0 Voulangis<br \/>Messe pour Paulette ROSIER.<\/strong><\/td>\n<\/tr>\n<tr>\n<td style=\"text-align: left;\"><strong><u>Dimanche 13 avril<\/u> : <br \/>Les Rameaux<\/strong><\/td>\n<td style=\"text-align: left;\"><strong><u>10h :<\/u> B\u00e9n\u00e9diction des rameaux sur la place devant le tabac puis procession des Rameaux jusqu&rsquo;\u00e0 l&rsquo;\u00e9glise St Georges.<br \/>\n<u>10h30 :<\/u> Messe des rameaux \u00e0 Cr\u00e9cy-La-Chapelle.<\/strong><\/td>\n<\/tr>\n<tr>\n<td style=\"text-align: left;\"><strong><u>Mardi 15 avril<\/u> :<\/strong><\/td>\n<td style=\"text-align: left;\"><strong><u>9h :<\/u> Messe au presbyt\u00e8re de Cr\u00e9cy.<br \/><u>10h30 :<\/u> Obs\u00e8ques de Georgette HOCQUAUX \u00e0 Voulangis.<\/strong><\/td>\n<\/tr>\n<tr>\n<td style=\"text-align: left;\"><strong><u>Mercredi 16 avril\u00a0:<\/u><\/strong><\/td>\n<td style=\"text-align: left;\"><strong><u>20h :<\/u> Messe Chrismale \u00e0 La Cath\u00e9drale de Meaux.<\/strong><\/td>\n<\/tr>\n<tr>\n<td style=\"text-align: left;\"><strong><u>Jeudi 17 avril\u00a0:<\/u><\/strong><\/td>\n<td style=\"text-align: left;\"><strong><u>19h30 :<\/u> Messe du jeudi saint \u00e0 Cr\u00e9cy.<\/strong><\/td>\n<\/tr>\n<tr>\n<td style=\"text-align: left;\"><strong><u>Vendredi 18 avril\u00a0:<\/u><\/strong><\/td>\n<td style=\"text-align: left;\"><strong><u>11h :<\/u> Chemin de croix \u00e0 Voulangis.<br \/>\n<u>15h :<\/u> Chemin de croix \u00e0 Cr\u00e9cy et Villiers.<br \/>\n<u>19h30 :<\/u> C\u00e9l\u00e9bration de la Passion \u00e0 Cr\u00e9cy.<br \/>\nQu\u00eate pour les Chr\u00e9tiens et les lieux saints du Moyen-Orient.<\/strong><\/td>\n<\/tr>\n<tr>\n<td style=\"text-align: left;\"><strong><u>Samedi 19 avril<\/u> :<\/strong><\/td>\n<td style=\"text-align: left;\"><strong><u>21h :<\/u> Vigile Pascale \u00e0 l\u2019\u00e9glise St Georges \u00e0 Cr\u00e9cy.<br \/>Bapt\u00eame de Pauline BLOCK, Morgane MOSER, Alys SCHERER.<\/strong><\/td>\n<\/tr>\n<tr>\n<td style=\"text-align: left;\"><strong><u>Dimanche 20 avril<\/u> :<\/strong><\/td>\n<td style=\"text-align: left;\"><strong><u>11h :<\/u> Messe du jour de P\u00e2ques \u00e0 l\u2019\u00e9glise St R\u00e9mi de Villiers-Sur-Morin.<\/strong><\/td>\n<\/tr>\n<\/tbody>\n<\/table>\n","protected":false},"excerpt":{"rendered":"<p>Samedi 12 avril : 18h30 : Messe \u00e0 VoulangisMesse pour Paulette ROSIER. Dimanche 13 avril : Les Rameaux 10h : B\u00e9n\u00e9diction des rameaux sur la place devant le tabac puis procession des Rameaux jusqu&rsquo;\u00e0&#46;&#46;&#46;<\/p>\n","protected":false},"author":1,"featured_media":0,"comment_status":"open","ping_status":"open","sticky":false,"template":"","format":"standard","meta":{"footnotes":""},"categories":[2],"tags":[],"class_list":["post-1962","post","type-post","status-publish","format-standard","hentry","category-annonces"],"_links":{"self":[{"href":"https:\/\/www.chapelle-crecy.com\/index.php?rest_route=\/wp\/v2\/posts\/1962","targetHints":{"allow":["GET"]}}],"collection":[{"href":"https:\/\/www.chapelle-crecy.com\/index.php?rest_route=\/wp\/v2\/posts"}],"about":[{"href":"https:\/\/www.chapelle-crecy.com\/index.php?rest_route=\/wp\/v2\/types\/post"}],"author":[{"embeddable":true,"href":"https:\/\/www.chapelle-crecy.com\/index.php?rest_route=\/wp\/v2\/users\/1"}],"replies":[{"embeddable":true,"href":"https:\/\/www.chapelle-crecy.com\/index.php?rest_route=%2Fwp%2Fv2%2Fcomments&post=1962"}],"version-history":[{"count":5,"href":"https:\/\/www.chapelle-crecy.com\/index.php?rest_route=\/wp\/v2\/posts\/1962\/revisions"}],"predecessor-version":[{"id":1968,"href":"https:\/\/www.chapelle-crecy.com\/index.php?rest_route=\/wp\/v2\/posts\/1962\/revisions\/1968"}],"wp:attachment":[{"href":"https:\/\/www.chapelle-crecy.com\/index.php?rest_route=%2Fwp%2Fv2%2Fmedia&parent=1962"}],"wp:term":[{"taxonomy":"category","embeddable":true,"href":"https:\/\/www.chapelle-crecy.com\/index.php?rest_route=%2Fwp%2Fv2%2Fcategories&post=1962"},{"taxonomy":"post_tag","embeddable":true,"href":"https:\/\/www.chapelle-crecy.com\/index.php?rest_route=%2Fwp%2Fv2%2Ftags&post=1962"}],"curies":[{"name":"wp","href":"https:\/\/api.w.org\/{rel}","templated":true}]}}