{"id":1976,"date":"2025-05-03T22:20:15","date_gmt":"2025-05-03T20:20:15","guid":{"rendered":"https:\/\/www.chapelle-crecy.com\/?p=1976"},"modified":"2025-05-08T08:50:03","modified_gmt":"2025-05-08T06:50:03","slug":"annonces-du-3-au-11-mai-2025","status":"publish","type":"post","link":"https:\/\/www.chapelle-crecy.com\/?p=1976","title":{"rendered":"Annonces du 3 au 11 mai 2025"},"content":{"rendered":"<table>\n<tbody>\n<tr>\n<td style=\"text-align: left;\"><strong><u>Samedi 3 mai<\/u> :<\/strong><\/td>\n<td style=\"text-align: left;\"><strong><u>9h :<\/u> Messe en l&rsquo;honneur de La Bienheureuse Vierge Marie au presbyt\u00e8re.<br \/>\n<u>10h30 :<\/u> Bapt\u00eames d&rsquo;Esm\u00e9e, Lou et Emie NAVARRE \u00e0 Villiers-Sur-Morin.<br \/>\n<u>14h :<\/u> Mariage de Fran\u00e7ois NGUYEN et Emeline RAGOT \u00e0 La Coll\u00e9giale de Cr\u00e9cy.<br \/>\n<u>18h30 :<\/u> Messe \u00e0 Villiers-sur-morin.<\/strong><\/td>\n<\/tr>\n<tr>\n<td style=\"text-align: left;\"><strong><u>Dimanche 4 mai<\/u> :<\/strong><\/td>\n<td style=\"text-align: left;\"><strong><u>10h30 :<\/u> Messe \u00e0 La Coll\u00e9giale de Cr\u00e9cy.<br \/>\nMesse de souvenir pour Pierre et Jacqueline LOUIS.<br \/>\nMesse de souvenir pour Andr\u00e9 et Lucienne CHERON.<br \/>\nMesse d&rsquo;action de gr\u00e2ce pour Sonia.<\/strong><\/td>\n<\/tr>\n<tr>\n<td style=\"text-align: left;\"><strong><u>Mardi 6 mai<\/u> :<\/strong><\/td>\n<td style=\"text-align: left;\"><strong><u>9h :<\/u> Messe au presbyt\u00e8re de Cr\u00e9cy.<br \/>\n<u>20h :<\/u> Groupe de pri\u00e8re.<\/strong><\/td>\n<\/tr>\n<tr>\n<td style=\"text-align: left;\"><strong><u>Jeudi 8 mai\u00a0:<\/u><\/strong><\/td>\n<td style=\"text-align: left;\"><strong><u>11h :<\/u> Messe pour la Victoire de 1945 \u00e0 Cr\u00e9cy.<\/strong><\/td>\n<\/tr>\n<tr>\n<td style=\"text-align: left;\"><strong><u>Vendredi 9 mai\u00a0:<\/u><\/strong><\/td>\n<td style=\"text-align: left;\"><strong><u>10h :<\/u> Obs\u00e8ques de Jos\u00e9 CABRERO \u00e0 Cr\u00e9cy.<br \/><u>18h :<\/u> Adoration du St sacrement suivie de la messe au Presbyt\u00e8re de Cr\u00e9cy.<\/strong><\/td>\n<\/tr>\n<tr>\n<td style=\"text-align: left;\"><strong><u>Samedi 10 mai<\/u> :<\/strong><\/td>\n<td style=\"text-align: left;\"><strong><u>10h30 :<\/u> Bapt\u00eame d&rsquo;Esm\u00e9e TERRAL \u00e0 Cr\u00e9cy.<br \/><u>18h30 :<\/u> Messe \u00e0 Voulangis. Qu\u00eate pour les vocations.<\/strong><\/td>\n<\/tr>\n<tr>\n<td style=\"text-align: left;\"><strong><u>Dimanche 11 mai<\/u> :<\/strong><\/td>\n<td style=\"text-align: left;\"><strong><u>10h30 :<\/u> Messe \u00e0 La Coll\u00e9giale de Cr\u00e9cy.<br \/>Bapt\u00eames d&rsquo;Ezio et Tessa RATTA. Qu\u00eate pour les vocations.<br \/>\n<\/strong><\/td>\n<\/tr>\n<\/tbody>\n<\/table>\n","protected":false},"excerpt":{"rendered":"<p>Samedi 3 mai : 9h : Messe en l&rsquo;honneur de La Bienheureuse Vierge Marie au presbyt\u00e8re. 10h30 : Bapt\u00eames d&rsquo;Esm\u00e9e, Lou et Emie NAVARRE \u00e0 Villiers-Sur-Morin. 14h : Mariage de Fran\u00e7ois NGUYEN et Emeline&#46;&#46;&#46;<\/p>\n","protected":false},"author":1,"featured_media":0,"comment_status":"open","ping_status":"open","sticky":false,"template":"","format":"standard","meta":{"footnotes":""},"categories":[2],"tags":[],"class_list":["post-1976","post","type-post","status-publish","format-standard","hentry","category-annonces"],"_links":{"self":[{"href":"https:\/\/www.chapelle-crecy.com\/index.php?rest_route=\/wp\/v2\/posts\/1976","targetHints":{"allow":["GET"]}}],"collection":[{"href":"https:\/\/www.chapelle-crecy.com\/index.php?rest_route=\/wp\/v2\/posts"}],"about":[{"href":"https:\/\/www.chapelle-crecy.com\/index.php?rest_route=\/wp\/v2\/types\/post"}],"author":[{"embeddable":true,"href":"https:\/\/www.chapelle-crecy.com\/index.php?rest_route=\/wp\/v2\/users\/1"}],"replies":[{"embeddable":true,"href":"https:\/\/www.chapelle-crecy.com\/index.php?rest_route=%2Fwp%2Fv2%2Fcomments&post=1976"}],"version-history":[{"count":3,"href":"https:\/\/www.chapelle-crecy.com\/index.php?rest_route=\/wp\/v2\/posts\/1976\/revisions"}],"predecessor-version":[{"id":1980,"href":"https:\/\/www.chapelle-crecy.com\/index.php?rest_route=\/wp\/v2\/posts\/1976\/revisions\/1980"}],"wp:attachment":[{"href":"https:\/\/www.chapelle-crecy.com\/index.php?rest_route=%2Fwp%2Fv2%2Fmedia&parent=1976"}],"wp:term":[{"taxonomy":"category","embeddable":true,"href":"https:\/\/www.chapelle-crecy.com\/index.php?rest_route=%2Fwp%2Fv2%2Fcategories&post=1976"},{"taxonomy":"post_tag","embeddable":true,"href":"https:\/\/www.chapelle-crecy.com\/index.php?rest_route=%2Fwp%2Fv2%2Ftags&post=1976"}],"curies":[{"name":"wp","href":"https:\/\/api.w.org\/{rel}","templated":true}]}}