{"id":1990,"date":"2025-05-18T20:30:40","date_gmt":"2025-05-18T18:30:40","guid":{"rendered":"https:\/\/www.chapelle-crecy.com\/?p=1990"},"modified":"2025-05-18T20:30:40","modified_gmt":"2025-05-18T18:30:40","slug":"annonces-du-19-au-25-mai-2025","status":"publish","type":"post","link":"https:\/\/www.chapelle-crecy.com\/?p=1990","title":{"rendered":"Annonces du 19 au 25 mai 2025"},"content":{"rendered":"<table>\n<tbody>\n<tr>\n<td style=\"text-align: left;\"><strong><u>Mardi 20 mai<\/u> :<\/strong><\/td>\n<td style=\"text-align: left;\"><strong><u>9h :<\/u> Messe au presbyt\u00e8re de Cr\u00e9cy.<br \/>\n<u>20h :<\/u> Groupe de pri\u00e8re.<\/strong><\/td>\n<\/tr>\n<tr>\n<td style=\"text-align: left;\"><strong><u>Jeudi 22 mai\u00a0:<\/u><\/strong><\/td>\n<td style=\"text-align: left;\"><strong><u>9h :<\/u> Messe au presbyt\u00e8re.<\/strong><\/td>\n<\/tr>\n<tr>\n<td style=\"text-align: left;\"><strong><u>Vendredi 23 mai\u00a0:<\/u><\/strong><\/td>\n<td style=\"text-align: left;\"><strong><u>18h :<\/u> Adoration du St sacrement suivie de la messe au Presbyt\u00e8re de Cr\u00e9cy.<\/strong><\/td>\n<\/tr>\n<tr>\n<td style=\"text-align: left;\"><strong><u>Samedi 24 mai<\/u> :<\/strong><\/td>\n<td style=\"text-align: left;\"><strong><u>10h30 :<\/u> Bapt\u00eame de Rom\u00e9o et  Angela RICHOMME et de L\u00e9onie SAINTE-CLUQUE  \u00e0 Cr\u00e9cy.<br \/>\n<u>18h30 :<\/u> Messe \u00e0 LA COLLEGIALE suivie d&rsquo;une soir\u00e9e de louange.<\/strong><\/td>\n<\/tr>\n<tr>\n<td style=\"text-align: left;\"><strong><u>Dimanche 25 mai<\/u> :<\/strong><\/td>\n<td style=\"text-align: left;\"><strong><u>10h30 :<\/u> Messe \u00e0 La Coll\u00e9giale de Cr\u00e9cy.<br \/>\nBapt\u00eame de Lilou LEMIERRE \u00e0 La Coll\u00e9giale.<br \/>\n<\/strong><\/td>\n<\/tr>\n<\/tbody>\n<\/table>\n","protected":false},"excerpt":{"rendered":"<p>Mardi 20 mai : 9h : Messe au presbyt\u00e8re de Cr\u00e9cy. 20h : Groupe de pri\u00e8re. Jeudi 22 mai\u00a0: 9h : Messe au presbyt\u00e8re. Vendredi 23 mai\u00a0: 18h : Adoration du St sacrement suivie&#46;&#46;&#46;<\/p>\n","protected":false},"author":1,"featured_media":0,"comment_status":"open","ping_status":"open","sticky":false,"template":"","format":"standard","meta":{"footnotes":""},"categories":[2],"tags":[],"class_list":["post-1990","post","type-post","status-publish","format-standard","hentry","category-annonces"],"_links":{"self":[{"href":"https:\/\/www.chapelle-crecy.com\/index.php?rest_route=\/wp\/v2\/posts\/1990","targetHints":{"allow":["GET"]}}],"collection":[{"href":"https:\/\/www.chapelle-crecy.com\/index.php?rest_route=\/wp\/v2\/posts"}],"about":[{"href":"https:\/\/www.chapelle-crecy.com\/index.php?rest_route=\/wp\/v2\/types\/post"}],"author":[{"embeddable":true,"href":"https:\/\/www.chapelle-crecy.com\/index.php?rest_route=\/wp\/v2\/users\/1"}],"replies":[{"embeddable":true,"href":"https:\/\/www.chapelle-crecy.com\/index.php?rest_route=%2Fwp%2Fv2%2Fcomments&post=1990"}],"version-history":[{"count":1,"href":"https:\/\/www.chapelle-crecy.com\/index.php?rest_route=\/wp\/v2\/posts\/1990\/revisions"}],"predecessor-version":[{"id":1991,"href":"https:\/\/www.chapelle-crecy.com\/index.php?rest_route=\/wp\/v2\/posts\/1990\/revisions\/1991"}],"wp:attachment":[{"href":"https:\/\/www.chapelle-crecy.com\/index.php?rest_route=%2Fwp%2Fv2%2Fmedia&parent=1990"}],"wp:term":[{"taxonomy":"category","embeddable":true,"href":"https:\/\/www.chapelle-crecy.com\/index.php?rest_route=%2Fwp%2Fv2%2Fcategories&post=1990"},{"taxonomy":"post_tag","embeddable":true,"href":"https:\/\/www.chapelle-crecy.com\/index.php?rest_route=%2Fwp%2Fv2%2Ftags&post=1990"}],"curies":[{"name":"wp","href":"https:\/\/api.w.org\/{rel}","templated":true}]}}