{"id":1998,"date":"2025-05-23T09:07:35","date_gmt":"2025-05-23T07:07:35","guid":{"rendered":"https:\/\/www.chapelle-crecy.com\/?p=1998"},"modified":"2025-05-23T09:08:26","modified_gmt":"2025-05-23T07:08:26","slug":"la-collegiale-souvre-au-public","status":"publish","type":"post","link":"https:\/\/www.chapelle-crecy.com\/?p=1998","title":{"rendered":"La coll\u00e9giale s&rsquo;ouvre au public"},"content":{"rendered":"<p>Retrouvez en ligne cet article du Pays Briard qui annonce la reprise des visites guid\u00e9es de la coll\u00e9giale d\u00e8s le 1er juin :<br \/>\n<a href=\"https:\/\/actu.fr\/ile-de-france\/crecy-la-chapelle_77142\/cette-majestueuse-eglise-de-seine-et-marne-rouvre-au-public_62674344.html\" target=\"blank\"><b>https:\/\/actu.fr\/ile-de-france\/crecy-la-chapelle_77142\/cette-majestueuse-eglise-de-seine-et-marne-rouvre-au-public_62674344.html<\/a><\/b><\/p>\n","protected":false},"excerpt":{"rendered":"<p>Retrouvez en ligne cet article du Pays Briard qui annonce la reprise des visites guid\u00e9es de la coll\u00e9giale d\u00e8s le 1er juin : https:\/\/actu.fr\/ile-de-france\/crecy-la-chapelle_77142\/cette-majestueuse-eglise-de-seine-et-marne-rouvre-au-public_62674344.html<\/p>\n","protected":false},"author":1,"featured_media":0,"comment_status":"open","ping_status":"open","sticky":false,"template":"","format":"standard","meta":{"footnotes":""},"categories":[4],"tags":[],"class_list":["post-1998","post","type-post","status-publish","format-standard","hentry","category-evenements"],"_links":{"self":[{"href":"https:\/\/www.chapelle-crecy.com\/index.php?rest_route=\/wp\/v2\/posts\/1998","targetHints":{"allow":["GET"]}}],"collection":[{"href":"https:\/\/www.chapelle-crecy.com\/index.php?rest_route=\/wp\/v2\/posts"}],"about":[{"href":"https:\/\/www.chapelle-crecy.com\/index.php?rest_route=\/wp\/v2\/types\/post"}],"author":[{"embeddable":true,"href":"https:\/\/www.chapelle-crecy.com\/index.php?rest_route=\/wp\/v2\/users\/1"}],"replies":[{"embeddable":true,"href":"https:\/\/www.chapelle-crecy.com\/index.php?rest_route=%2Fwp%2Fv2%2Fcomments&post=1998"}],"version-history":[{"count":2,"href":"https:\/\/www.chapelle-crecy.com\/index.php?rest_route=\/wp\/v2\/posts\/1998\/revisions"}],"predecessor-version":[{"id":2000,"href":"https:\/\/www.chapelle-crecy.com\/index.php?rest_route=\/wp\/v2\/posts\/1998\/revisions\/2000"}],"wp:attachment":[{"href":"https:\/\/www.chapelle-crecy.com\/index.php?rest_route=%2Fwp%2Fv2%2Fmedia&parent=1998"}],"wp:term":[{"taxonomy":"category","embeddable":true,"href":"https:\/\/www.chapelle-crecy.com\/index.php?rest_route=%2Fwp%2Fv2%2Fcategories&post=1998"},{"taxonomy":"post_tag","embeddable":true,"href":"https:\/\/www.chapelle-crecy.com\/index.php?rest_route=%2Fwp%2Fv2%2Ftags&post=1998"}],"curies":[{"name":"wp","href":"https:\/\/api.w.org\/{rel}","templated":true}]}}