{"id":2005,"date":"2025-05-31T13:49:40","date_gmt":"2025-05-31T11:49:40","guid":{"rendered":"https:\/\/www.chapelle-crecy.com\/?p=2005"},"modified":"2025-05-31T13:50:26","modified_gmt":"2025-05-31T11:50:26","slug":"annonces-du-31-mai-au-8-juin-2025","status":"publish","type":"post","link":"https:\/\/www.chapelle-crecy.com\/?p=2005","title":{"rendered":"Annonces du 31 mai au 8 juin 2025"},"content":{"rendered":"<table>\n<tbody>\n<tr>\n<td style=\"text-align: left;\"><strong><u>Samedi 31 mai<\/u> :<\/strong><\/td>\n<td style=\"text-align: left;\"><strong><u>10h30 :<\/u> Bapt\u00eame de C\u00e9lia COLMAGRO \u00e0 Villiers-Sur-Morin.<br \/>\n<u>18h :<\/u> Chapelet suivi de la messe \u00e0 Voulangis.<br \/>\nQu\u00eate journ\u00e9e chr\u00e9tienne de la communication.<\/strong><\/td>\n<\/tr>\n<tr>\n<td style=\"text-align: left;\"><strong><u>Dimanche 1er juin<\/u> :<\/strong><\/td>\n<td style=\"text-align: left;\"><strong><u>10h30 :<\/u> Messe \u00e0 La Coll\u00e9giale de Cr\u00e9cy.<br \/>\nBapt\u00eame d&rsquo;Alix MOREL.<br \/>Qu\u00eate journ\u00e9e chr\u00e9tienne de la communication.<br \/>\n<\/strong><\/td>\n<\/tr>\n<tr>\n<td style=\"text-align: left;\"><strong><u>Lundi 2 juin<\/u> :<\/strong><\/td>\n<td style=\"text-align: left;\"><strong><u>15h :<\/u> Messe \u00e0 l&rsquo;EHPAD de Cr\u00e9cy.<\/strong><\/td>\n<\/tr>\n<tr>\n<td style=\"text-align: left;\"><strong><u>Mardi 3 juin<\/u> :<\/strong><\/td>\n<td style=\"text-align: left;\"><strong><u>9h :<\/u> Messe au presbyt\u00e8re de Cr\u00e9cy.<br \/>\n<u>20h :<\/u> Groupe de pri\u00e8re.<\/strong><\/td>\n<\/tr>\n<tr>\n<td style=\"text-align: left;\"><strong><u>Vendredi 6 juin\u00a0:<\/u><\/strong><\/td>\n<td style=\"text-align: left;\"><strong><u>18h :<\/u> Adoration du St sacrement suivie de la messe au Presbyt\u00e8re de Cr\u00e9cy.<\/strong><\/td>\n<\/tr>\n<tr>\n<td style=\"text-align: left;\"><strong><u>Samedi 7 juin<\/u> :<\/strong><\/td>\n<td style=\"text-align: left;\"><strong><u>9h :<\/u> Messe en l&rsquo;honneur de notre Bienheureuse Vierge Marie au presbyt\u00e8re.<br \/>\n<u>18h30 :<\/u> Messe \u00e0 Villiers-sur-morin.<\/strong><\/td>\n<\/tr>\n<tr>\n<td style=\"text-align: left;\"><strong><u>Dimanche 8 juin<\/u> : <br \/>La Pentec\u00f4te.<\/strong><\/td>\n<td style=\"text-align: left;\"><strong><u>10h30 :<\/u> Messe \u00e0 La Coll\u00e9giale de Cr\u00e9cy.<br \/>\n<\/strong><\/td>\n<\/tr>\n<\/tbody>\n<\/table>\n","protected":false},"excerpt":{"rendered":"<p>Samedi 31 mai : 10h30 : Bapt\u00eame de C\u00e9lia COLMAGRO \u00e0 Villiers-Sur-Morin. 18h : Chapelet suivi de la messe \u00e0 Voulangis. Qu\u00eate journ\u00e9e chr\u00e9tienne de la communication. Dimanche 1er juin : 10h30 : Messe&#46;&#46;&#46;<\/p>\n","protected":false},"author":1,"featured_media":0,"comment_status":"open","ping_status":"open","sticky":false,"template":"","format":"standard","meta":{"footnotes":""},"categories":[2],"tags":[],"class_list":["post-2005","post","type-post","status-publish","format-standard","hentry","category-annonces"],"_links":{"self":[{"href":"https:\/\/www.chapelle-crecy.com\/index.php?rest_route=\/wp\/v2\/posts\/2005","targetHints":{"allow":["GET"]}}],"collection":[{"href":"https:\/\/www.chapelle-crecy.com\/index.php?rest_route=\/wp\/v2\/posts"}],"about":[{"href":"https:\/\/www.chapelle-crecy.com\/index.php?rest_route=\/wp\/v2\/types\/post"}],"author":[{"embeddable":true,"href":"https:\/\/www.chapelle-crecy.com\/index.php?rest_route=\/wp\/v2\/users\/1"}],"replies":[{"embeddable":true,"href":"https:\/\/www.chapelle-crecy.com\/index.php?rest_route=%2Fwp%2Fv2%2Fcomments&post=2005"}],"version-history":[{"count":2,"href":"https:\/\/www.chapelle-crecy.com\/index.php?rest_route=\/wp\/v2\/posts\/2005\/revisions"}],"predecessor-version":[{"id":2007,"href":"https:\/\/www.chapelle-crecy.com\/index.php?rest_route=\/wp\/v2\/posts\/2005\/revisions\/2007"}],"wp:attachment":[{"href":"https:\/\/www.chapelle-crecy.com\/index.php?rest_route=%2Fwp%2Fv2%2Fmedia&parent=2005"}],"wp:term":[{"taxonomy":"category","embeddable":true,"href":"https:\/\/www.chapelle-crecy.com\/index.php?rest_route=%2Fwp%2Fv2%2Fcategories&post=2005"},{"taxonomy":"post_tag","embeddable":true,"href":"https:\/\/www.chapelle-crecy.com\/index.php?rest_route=%2Fwp%2Fv2%2Ftags&post=2005"}],"curies":[{"name":"wp","href":"https:\/\/api.w.org\/{rel}","templated":true}]}}