{"id":2009,"date":"2025-06-07T11:55:33","date_gmt":"2025-06-07T09:55:33","guid":{"rendered":"https:\/\/www.chapelle-crecy.com\/?p=2009"},"modified":"2025-06-07T13:00:00","modified_gmt":"2025-06-07T11:00:00","slug":"annonces-du-samedi-7-au-dimanche-15-juin","status":"publish","type":"post","link":"https:\/\/www.chapelle-crecy.com\/?p=2009","title":{"rendered":"Annonces du samedi 7 au dimanche 15 juin"},"content":{"rendered":"<table>\n<tbody>\n<tr>\n<td style=\"text-align: left;\" width=300><strong><u>Samedi 7 juin<\/u> :<\/strong><\/td>\n<td style=\"text-align: left;\"><strong><u>9h :<\/u> Messe en l&rsquo;honneur de notre Bienheureuse Vierge Marie au presbyt\u00e8re.<br \/>\n<u>18h30 :<\/u> Messe \u00e0 Villiers-sur-morin.<\/strong><\/td>\n<\/tr>\n<tr>\n<td style=\"text-align: left;\"><strong><u>Dimanche 8 juin<\/u> : <br \/>La Pentec\u00f4te.<\/strong><\/td>\n<td style=\"text-align: left;\"><strong><u>10h30 :<\/u> Messe \u00e0 La Coll\u00e9giale de Cr\u00e9cy.<br \/>\n<\/strong><\/td>\n<\/tr>\n<tr>\n<td style=\"text-align: left;\"><strong><u>Mardi 10 juin<\/u> :<\/strong><\/td>\n<td style=\"text-align: left;\"><strong><u>9h :<\/u> Messe au presbyt\u00e8re de Cr\u00e9cy.<br \/>\n<u>18h30 :<\/u> Chorale.<\/strong><\/td>\n<\/tr>\n<tr>\n<td style=\"text-align: left;\"><strong><u>Jeudi 12 juin<\/u> :<\/strong><\/td>\n<td style=\"text-align: left;\"><strong><u>9h :<\/u> Messe \u00e0 Cr\u00e9cy.<\/strong><\/td>\n<\/tr>\n<tr>\n<td style=\"text-align: left;\"><strong><u>Vendredi 13 juin\u00a0:<\/u><\/strong><\/td>\n<td style=\"text-align: left;\"><strong><u>18h :<\/u> Adoration du St sacrement suivie de la messe au Presbyt\u00e8re de Cr\u00e9cy.<\/strong><\/td>\n<\/tr>\n<tr>\n<td style=\"text-align: left;\"><strong><u>Samedi 14 juin<\/u> :<\/strong><\/td>\n<td style=\"text-align: left;\"><strong><u>14h :<\/u> Mariage de Pierrick POIRET et Laura BOELENS \u00e0 la Coll\u00e9giale.<br \/>\n<u>18h30 :<\/u> Messe \u00e0 Villiers-sur-morin.<\/strong><\/td>\n<\/tr>\n<tr>\n<td style=\"text-align: left;\"><strong><u>Dimanche 15 juin<\/u> :<\/strong><\/td>\n<td style=\"text-align: left;\"><strong><u>10h30 :<\/u> Messe \u00e0 La Coll\u00e9giale de Cr\u00e9cy.<br \/>Profession de Foi des jeunes de la paroisse.<br \/>\n<u>16h :<\/u> Concert Lumi\u00e8res d&rsquo;\u00e9t\u00e9 par le CHOEUR RESONANCE de Claye-Souilly et le CHOEUR du conservatoire de Ch\u00e2teau-Thierry \u00e0 La Coll\u00e9giale.<br \/>\n<\/strong><\/td>\n<\/tr>\n<\/tbody>\n<\/table>\n","protected":false},"excerpt":{"rendered":"<p>Samedi 7 juin : 9h : Messe en l&rsquo;honneur de notre Bienheureuse Vierge Marie au presbyt\u00e8re. 18h30 : Messe \u00e0 Villiers-sur-morin. Dimanche 8 juin : La Pentec\u00f4te. 10h30 : Messe \u00e0 La Coll\u00e9giale de&#46;&#46;&#46;<\/p>\n","protected":false},"author":1,"featured_media":0,"comment_status":"open","ping_status":"open","sticky":false,"template":"","format":"standard","meta":{"footnotes":""},"categories":[2],"tags":[],"class_list":["post-2009","post","type-post","status-publish","format-standard","hentry","category-annonces"],"_links":{"self":[{"href":"https:\/\/www.chapelle-crecy.com\/index.php?rest_route=\/wp\/v2\/posts\/2009","targetHints":{"allow":["GET"]}}],"collection":[{"href":"https:\/\/www.chapelle-crecy.com\/index.php?rest_route=\/wp\/v2\/posts"}],"about":[{"href":"https:\/\/www.chapelle-crecy.com\/index.php?rest_route=\/wp\/v2\/types\/post"}],"author":[{"embeddable":true,"href":"https:\/\/www.chapelle-crecy.com\/index.php?rest_route=\/wp\/v2\/users\/1"}],"replies":[{"embeddable":true,"href":"https:\/\/www.chapelle-crecy.com\/index.php?rest_route=%2Fwp%2Fv2%2Fcomments&post=2009"}],"version-history":[{"count":4,"href":"https:\/\/www.chapelle-crecy.com\/index.php?rest_route=\/wp\/v2\/posts\/2009\/revisions"}],"predecessor-version":[{"id":2013,"href":"https:\/\/www.chapelle-crecy.com\/index.php?rest_route=\/wp\/v2\/posts\/2009\/revisions\/2013"}],"wp:attachment":[{"href":"https:\/\/www.chapelle-crecy.com\/index.php?rest_route=%2Fwp%2Fv2%2Fmedia&parent=2009"}],"wp:term":[{"taxonomy":"category","embeddable":true,"href":"https:\/\/www.chapelle-crecy.com\/index.php?rest_route=%2Fwp%2Fv2%2Fcategories&post=2009"},{"taxonomy":"post_tag","embeddable":true,"href":"https:\/\/www.chapelle-crecy.com\/index.php?rest_route=%2Fwp%2Fv2%2Ftags&post=2009"}],"curies":[{"name":"wp","href":"https:\/\/api.w.org\/{rel}","templated":true}]}}