{"id":2015,"date":"2025-06-13T23:10:24","date_gmt":"2025-06-13T21:10:24","guid":{"rendered":"https:\/\/www.chapelle-crecy.com\/?p=2015"},"modified":"2025-06-13T23:11:53","modified_gmt":"2025-06-13T21:11:53","slug":"annonces-du-14-au-22-juin-2025","status":"publish","type":"post","link":"https:\/\/www.chapelle-crecy.com\/?p=2015","title":{"rendered":"Annonces du 14 au 22 juin 2025"},"content":{"rendered":"<table>\n<tbody>\n<tr>\n<td style=\"text-align: left;\" width=300><strong><u>Samedi 14 juin<\/u> :<\/strong><\/td>\n<td style=\"text-align: left;\"><strong><u>14h :<\/u> Mariage de Pierrick POIRET et Laura BOELENS \u00e0 la Coll\u00e9giale.<br \/>\n<u>18h30 :<\/u> Messe \u00e0 Voulangis.<\/strong><\/td>\n<\/tr>\n<tr>\n<td style=\"text-align: left;\"><strong><u>Dimanche 15 juin<\/u> :<br \/>F\u00eate de la Sainte Trinit\u00e9<\/strong><\/td>\n<td style=\"text-align: left;\"><strong><u>10h30 :<\/u> Messe \u00e0 La Coll\u00e9giale de Cr\u00e9cy.<br \/>Profession de Foi des jeunes de Cr\u00e9cy et de l&rsquo;\u00e9cole Sainte-Th\u00e9r\u00e8se de Couilly Pont-aux-Dames.<br \/>\n<u>16h :<\/u> Concert Lumi\u00e8res d&rsquo;\u00e9t\u00e9 par le CHOEUR RESONANCE de Claye-Souilly et le CHOEUR du conservatoire de Ch\u00e2teau-Thierry \u00e0 La Coll\u00e9giale.<br \/>\n<\/strong><\/td>\n<\/tr>\n<tr>\n<td style=\"text-align: left;\"><strong><u>Mardi 17 juin<\/u> :<\/strong><\/td>\n<td style=\"text-align: left;\"><strong><u>9h :<\/u> Messe au presbyt\u00e8re de Cr\u00e9cy.<br \/>\n<u>18h30 :<\/u> Groupe de pri\u00e8re.<\/strong><\/td>\n<\/tr>\n<tr>\n<td style=\"text-align: left;\"><strong><u>Jeudi 12 juin<\/u> :<\/strong><\/td>\n<td style=\"text-align: left;\"><strong><u>9h :<\/u> Messe \u00e0 Cr\u00e9cy.<\/strong><\/td>\n<\/tr>\n<tr>\n<td style=\"text-align: left;\"><strong><u>Vendredi 20 juin\u00a0:<\/u><\/strong><\/td>\n<td style=\"text-align: left;\"><strong>15h :<\/u> Obs\u00e8ques de Mr Simon DIEGO \u00e0 St Georges \u00e0 Cr\u00e9cy.<br \/><strong><u>18h :<\/u> Adoration du St sacrement suivie de la messe au Presbyt\u00e8re de Cr\u00e9cy.<\/strong><\/td>\n<\/tr>\n<tr>\n<td style=\"text-align: left;\"><strong><u>Samedi 21 juin<\/u> :<\/strong><\/td>\n<td style=\"text-align: left;\"><strong><u>14h :<\/u> Mariage de Pierrick POIRET et Laura BOELENS \u00e0 la Coll\u00e9giale.<br \/>\n<u>18h30 :<\/u> Messe \u00e0 Villiers-sur-morin.<\/strong><\/td>\n<\/tr>\n<tr>\n<td style=\"text-align: left;\"><strong><u>Dimanche 22 juin<\/u> :<br \/>F\u00eate du Saint-Sacrement du Corps et du Sang du Christ<\/strong><\/td>\n<td style=\"text-align: left;\"><strong><u>10h30 :<\/u> Messe \u00e0 La Coll\u00e9giale de Cr\u00e9cy.<br \/>Premi\u00e8re communion des jeunes de notre paroisse.<br \/>\n<\/strong><\/td>\n<\/tr>\n<\/tbody>\n<\/table>\n","protected":false},"excerpt":{"rendered":"<p>Samedi 14 juin : 14h : Mariage de Pierrick POIRET et Laura BOELENS \u00e0 la Coll\u00e9giale. 18h30 : Messe \u00e0 Voulangis. Dimanche 15 juin :F\u00eate de la Sainte Trinit\u00e9 10h30 : Messe \u00e0 La&#46;&#46;&#46;<\/p>\n","protected":false},"author":1,"featured_media":0,"comment_status":"open","ping_status":"open","sticky":false,"template":"","format":"standard","meta":{"footnotes":""},"categories":[2],"tags":[],"class_list":["post-2015","post","type-post","status-publish","format-standard","hentry","category-annonces"],"_links":{"self":[{"href":"https:\/\/www.chapelle-crecy.com\/index.php?rest_route=\/wp\/v2\/posts\/2015","targetHints":{"allow":["GET"]}}],"collection":[{"href":"https:\/\/www.chapelle-crecy.com\/index.php?rest_route=\/wp\/v2\/posts"}],"about":[{"href":"https:\/\/www.chapelle-crecy.com\/index.php?rest_route=\/wp\/v2\/types\/post"}],"author":[{"embeddable":true,"href":"https:\/\/www.chapelle-crecy.com\/index.php?rest_route=\/wp\/v2\/users\/1"}],"replies":[{"embeddable":true,"href":"https:\/\/www.chapelle-crecy.com\/index.php?rest_route=%2Fwp%2Fv2%2Fcomments&post=2015"}],"version-history":[{"count":3,"href":"https:\/\/www.chapelle-crecy.com\/index.php?rest_route=\/wp\/v2\/posts\/2015\/revisions"}],"predecessor-version":[{"id":2018,"href":"https:\/\/www.chapelle-crecy.com\/index.php?rest_route=\/wp\/v2\/posts\/2015\/revisions\/2018"}],"wp:attachment":[{"href":"https:\/\/www.chapelle-crecy.com\/index.php?rest_route=%2Fwp%2Fv2%2Fmedia&parent=2015"}],"wp:term":[{"taxonomy":"category","embeddable":true,"href":"https:\/\/www.chapelle-crecy.com\/index.php?rest_route=%2Fwp%2Fv2%2Fcategories&post=2015"},{"taxonomy":"post_tag","embeddable":true,"href":"https:\/\/www.chapelle-crecy.com\/index.php?rest_route=%2Fwp%2Fv2%2Ftags&post=2015"}],"curies":[{"name":"wp","href":"https:\/\/api.w.org\/{rel}","templated":true}]}}