{"id":2025,"date":"2025-06-29T19:02:00","date_gmt":"2025-06-29T17:02:00","guid":{"rendered":"https:\/\/www.chapelle-crecy.com\/?p=2025"},"modified":"2025-06-30T23:23:59","modified_gmt":"2025-06-30T21:23:59","slug":"annonces-du-30-juin-au-6-juillet","status":"publish","type":"post","link":"https:\/\/www.chapelle-crecy.com\/?p=2025","title":{"rendered":"Annonces du 30 juin au 6 juillet"},"content":{"rendered":"<table>\n<tbody>\n<tr>\n<td style=\"text-align: left;\" width=\"30%\"><strong><u>Mardi 1er juillet<\/u> :<\/strong><\/td>\n<td style=\"text-align: left;\"><strong><u>9h :<\/u> Messe au presbyt\u00e8re de Cr\u00e9cy.<\/strong><\/td>\n<\/tr>\n<tr>\n<td style=\"text-align: left;\"><strong><u>Jeudi 3 juillet<\/u> :<\/strong><\/td>\n<td style=\"text-align: left;\"><strong><u>9h :<\/u> Messe \u00e0 Cr\u00e9cy.<\/strong><\/td>\n<\/tr>\n<tr>\n<td style=\"text-align: left;\"><strong><u>Vendredi 4 juillet:<\/u><\/strong><\/td>\n<td style=\"text-align: left;\"><strong><u>18h :<\/u> Adoration du St sacrement suivie de la messe au Presbyt\u00e8re de Cr\u00e9cy.<\/strong><\/td>\n<\/tr>\n<tr>\n<td style=\"text-align: left;\"><strong><u>Samedi 5 juillet<\/u> :<\/strong><\/td>\n<td style=\"text-align: left;\"><strong><u>9h :<\/u> Messe en l&rsquo;honneur de La bienheureuse Vierge Marie au \t     \t\t\t presbyt\u00e8re.<br \/>\n<strong><u>10h30 :<\/u> Bapt\u00eames de Kilian DEMONIERE, de Romane et Solan MARQUES \u00e0 Cr\u00e9cy.<br \/>\n<u>16h :<\/u> Mariage de Micka\u00ebl DIAS et de Sarah TAVARES DA SILVA \u00e0 La Coll\u00e9giale de Cr\u00e9cy-La-Chapelle.<\/strong><\/td>\n<\/tr>\n<tr>\n<td style=\"text-align: left;\"><strong><u>Dimanche 6 juillet :<\/u> <\/strong><\/td>\n<td style=\"text-align: left;\"><strong><u>10h30 :<\/u> Messe \u00e0 La Coll\u00e9giale.<br \/>\n<\/strong><\/td>\n<\/tr>\n<\/tbody>\n<\/table>\n<p>Pas de Messe en paroisse le samedi soir en Juillet et en Ao\u00fbt.<\/p>\n","protected":false},"excerpt":{"rendered":"<p>Mardi 1er juillet : 9h : Messe au presbyt\u00e8re de Cr\u00e9cy. Jeudi 3 juillet : 9h : Messe \u00e0 Cr\u00e9cy. Vendredi 4 juillet: 18h : Adoration du St sacrement suivie de la messe au&#46;&#46;&#46;<\/p>\n","protected":false},"author":1,"featured_media":0,"comment_status":"open","ping_status":"open","sticky":false,"template":"","format":"standard","meta":{"footnotes":""},"categories":[2],"tags":[],"class_list":["post-2025","post","type-post","status-publish","format-standard","hentry","category-annonces"],"_links":{"self":[{"href":"https:\/\/www.chapelle-crecy.com\/index.php?rest_route=\/wp\/v2\/posts\/2025","targetHints":{"allow":["GET"]}}],"collection":[{"href":"https:\/\/www.chapelle-crecy.com\/index.php?rest_route=\/wp\/v2\/posts"}],"about":[{"href":"https:\/\/www.chapelle-crecy.com\/index.php?rest_route=\/wp\/v2\/types\/post"}],"author":[{"embeddable":true,"href":"https:\/\/www.chapelle-crecy.com\/index.php?rest_route=\/wp\/v2\/users\/1"}],"replies":[{"embeddable":true,"href":"https:\/\/www.chapelle-crecy.com\/index.php?rest_route=%2Fwp%2Fv2%2Fcomments&post=2025"}],"version-history":[{"count":4,"href":"https:\/\/www.chapelle-crecy.com\/index.php?rest_route=\/wp\/v2\/posts\/2025\/revisions"}],"predecessor-version":[{"id":2030,"href":"https:\/\/www.chapelle-crecy.com\/index.php?rest_route=\/wp\/v2\/posts\/2025\/revisions\/2030"}],"wp:attachment":[{"href":"https:\/\/www.chapelle-crecy.com\/index.php?rest_route=%2Fwp%2Fv2%2Fmedia&parent=2025"}],"wp:term":[{"taxonomy":"category","embeddable":true,"href":"https:\/\/www.chapelle-crecy.com\/index.php?rest_route=%2Fwp%2Fv2%2Fcategories&post=2025"},{"taxonomy":"post_tag","embeddable":true,"href":"https:\/\/www.chapelle-crecy.com\/index.php?rest_route=%2Fwp%2Fv2%2Ftags&post=2025"}],"curies":[{"name":"wp","href":"https:\/\/api.w.org\/{rel}","templated":true}]}}