{"id":2042,"date":"2025-07-28T20:44:46","date_gmt":"2025-07-28T18:44:46","guid":{"rendered":"https:\/\/www.chapelle-crecy.com\/?p=2042"},"modified":"2025-07-28T21:03:19","modified_gmt":"2025-07-28T19:03:19","slug":"annonces-du-28-juillet-au-3-aout-2025","status":"publish","type":"post","link":"https:\/\/www.chapelle-crecy.com\/?p=2042","title":{"rendered":"Annonces du 28 juillet au 3 aout 2025"},"content":{"rendered":"<table>\n<tbody>\n<tr>\n<td style=\"text-align: left;\"><strong><u>Mardi 29 juillet:<\/u><\/strong><\/td>\n<td style=\"text-align: left;\"><strong><u>9h :<\/u> Messe au Presbyt\u00e8re de Cr\u00e9cy.<\/strong><\/td>\n<\/tr>\n<tr>\n<td style=\"text-align: left;\"><strong><u>Jeudi 31 juillet:<\/u><\/strong><\/td>\n<td style=\"text-align: left;\"><strong><u>9h :<\/u> Messe \u00e0 Cr\u00e9cy.<\/strong><\/td>\n<\/tr>\n<tr>\n<td style=\"text-align: left;\"><strong><u>Vendredi 1er aout:<\/u><\/strong><\/td>\n<td style=\"text-align: left;\"><strong><u>15h :<\/u> Obs\u00e8ques de Anne-Marie RAVET \u00e0 la coll\u00e9giale.<br \/><u>18h :<\/u> Adoration du St sacrement suivie de la messe au Presbyt\u00e8re de Cr\u00e9cy.<\/strong><\/td>\n<\/tr>\n<tr>\n<td style=\"text-align: left;\"><strong><u>Samedi 2 aout:<\/u><\/strong><\/td>\n<td style=\"text-align: left;\"><strong><u>9h :<\/u> Messe en l&rsquo;honneur de Notre Bienheureuse vierge Marie au presbyt\u00e8re.<\/strong><\/td>\n<\/tr>\n<tr>\n<td style=\"text-align: left;\"><strong><u>Dimanche 3 aout :<\/u> <\/strong><\/td>\n<td style=\"text-align: left;\"><strong><u>10h30 :<\/u> Messe \u00e0 La Coll\u00e9giale. Messe pour Roger SAVIOZ.<\/strong><\/td>\n<\/tr>\n<\/tbody>\n<\/table>\n<p>Pas de Messe en paroisse le samedi soir en Juillet et en Ao\u00fbt.<\/p>\n","protected":false},"excerpt":{"rendered":"<p>Mardi 29 juillet: 9h : Messe au Presbyt\u00e8re de Cr\u00e9cy. Jeudi 31 juillet: 9h : Messe \u00e0 Cr\u00e9cy. Vendredi 1er aout: 15h : Obs\u00e8ques de Anne-Marie RAVET \u00e0 la coll\u00e9giale.18h : Adoration du St&#46;&#46;&#46;<\/p>\n","protected":false},"author":1,"featured_media":0,"comment_status":"open","ping_status":"open","sticky":false,"template":"","format":"standard","meta":{"footnotes":""},"categories":[2],"tags":[],"class_list":["post-2042","post","type-post","status-publish","format-standard","hentry","category-annonces"],"_links":{"self":[{"href":"https:\/\/www.chapelle-crecy.com\/index.php?rest_route=\/wp\/v2\/posts\/2042","targetHints":{"allow":["GET"]}}],"collection":[{"href":"https:\/\/www.chapelle-crecy.com\/index.php?rest_route=\/wp\/v2\/posts"}],"about":[{"href":"https:\/\/www.chapelle-crecy.com\/index.php?rest_route=\/wp\/v2\/types\/post"}],"author":[{"embeddable":true,"href":"https:\/\/www.chapelle-crecy.com\/index.php?rest_route=\/wp\/v2\/users\/1"}],"replies":[{"embeddable":true,"href":"https:\/\/www.chapelle-crecy.com\/index.php?rest_route=%2Fwp%2Fv2%2Fcomments&post=2042"}],"version-history":[{"count":2,"href":"https:\/\/www.chapelle-crecy.com\/index.php?rest_route=\/wp\/v2\/posts\/2042\/revisions"}],"predecessor-version":[{"id":2044,"href":"https:\/\/www.chapelle-crecy.com\/index.php?rest_route=\/wp\/v2\/posts\/2042\/revisions\/2044"}],"wp:attachment":[{"href":"https:\/\/www.chapelle-crecy.com\/index.php?rest_route=%2Fwp%2Fv2%2Fmedia&parent=2042"}],"wp:term":[{"taxonomy":"category","embeddable":true,"href":"https:\/\/www.chapelle-crecy.com\/index.php?rest_route=%2Fwp%2Fv2%2Fcategories&post=2042"},{"taxonomy":"post_tag","embeddable":true,"href":"https:\/\/www.chapelle-crecy.com\/index.php?rest_route=%2Fwp%2Fv2%2Ftags&post=2042"}],"curies":[{"name":"wp","href":"https:\/\/api.w.org\/{rel}","templated":true}]}}