{"id":2050,"date":"2025-09-06T08:17:38","date_gmt":"2025-09-06T06:17:38","guid":{"rendered":"https:\/\/www.chapelle-crecy.com\/?p=2050"},"modified":"2025-09-07T15:01:25","modified_gmt":"2025-09-07T13:01:25","slug":"annonces-du-6-au-14-septembre-2025","status":"publish","type":"post","link":"https:\/\/www.chapelle-crecy.com\/?p=2050","title":{"rendered":"Annonces du 6 au 14 septembre 2025"},"content":{"rendered":"<table>\n<tbody>\n<tr>\n<td style=\"text-align: left;\" width=300><strong><u>Samedi 6 septembre<\/u> :<\/strong><\/td>\n<td style=\"text-align: left;\"><strong><u>10h30 :<\/u> Bapt\u00eames de Julia et Math\u00e9o VIDAL FERNANDEZ \t\t\t\t         SCOQUART \u00e0 Cr\u00e9cy.<br \/>\n<u>15h30 :<\/u> Mariage de Alexis VILBOIS et de Florine LEVEQUE \u00e0 La Coll\u00e9giale de Cr\u00e9cy-La-Chapelle.<br \/>\n<u>18h30 :<\/u> Messe \u00e0 l&rsquo;\u00e9glise St R\u00e9mi \u00e0 Villiers-Sur-Morin. Messe pour Mr Albert LECLERCQ  inhum\u00e9 r\u00e9cemment.<\/strong><\/td>\n<\/tr>\n<tr>\n<td style=\"text-align: left;\"><strong><u>Dimanche 7 septembre<\/u> :<\/strong><\/td>\n<td style=\"text-align: left;\"><strong><u>10h30 :<\/u> Messe \u00e0 La Coll\u00e9giale Notre Dame de l\u2019Assomption \t\t\t\t    \u00e0  Cr\u00e9cy-La-Chapelle. Messe pour Jean HAESE et Christopher BOISGONTIER inhum\u00e9s r\u00e9cemment.<br \/>\n<\/strong><\/td>\n<\/tr>\n<tr>\n<td style=\"text-align: left;\"><strong><u>Mardi 9 septembre<\/u> :<\/strong><\/td>\n<td style=\"text-align: left;\"><strong><u>9h :<\/u> Messe \u00e0 Cr\u00e9cy.<br \/>\n<u>18h30 :<\/u> R\u00e9p\u00e9tition de la chorale.<\/strong><\/td>\n<\/tr>\n<tr>\n<td style=\"text-align: left;\"><strong><u>Mercredi 10 septembre<\/u> :<\/strong><\/td>\n<td style=\"text-align: left;\"><strong><u>18h30 :<\/u> Messe \u00e0 Cr\u00e9cy.<\/strong><\/td>\n<\/tr>\n<tr>\n<td style=\"text-align: left;\"><strong><u>Jeudi 11 septembre<\/u> :<\/strong><\/td>\n<td style=\"text-align: left;\"><strong><u>9h :<\/u> Messe \u00e0 Cr\u00e9cy.<\/strong><\/td>\n<\/tr>\n<tr>\n<td style=\"text-align: left;\"><strong><u>Vendredi 12 septembre\u00a0:<\/u><\/strong><\/td>\n<td style=\"text-align: left;\"><strong>15h :<\/u> Obs\u00e8ques de de Georges HAUTEFEUILLE \u00e0 Cr\u00e9cy.<br \/><strong><u>18h :<\/u> Adoration du St sacrement suivie de la messe au Presbyt\u00e8re de Cr\u00e9cy.<\/strong><\/td>\n<\/tr>\n<tr>\n<td style=\"text-align: left;\"><strong><u>Samedi 13 septembre<\/u> :<\/strong><\/td>\n<td style=\"text-align: left;\"><strong><u>10h :<\/u> Bapt\u00eame de Sacha et A\u00efden COLLESSON \u00e0 Cr\u00e9cy<br \/><u>15h :<\/u> Mariage de Jimmi NIHOU et d&rsquo;Aur\u00e9lie ALMEIDA \u00e0 La Coll\u00e9giale de Cr\u00e9cy.<br \/>\n<u>18h30 :<\/u> Messe \u00e0 Voulangis.<\/strong><\/td>\n<\/tr>\n<tr>\n<td style=\"text-align: left;\"><strong><u>Dimanche 14 septembre<\/u> :<\/strong><\/td>\n<td style=\"text-align: left;\"><strong><u>10h30 :<\/u> Messe \u00e0 La Coll\u00e9giale de Cr\u00e9cy.<br \/>Messe pour Georges HAUTEFEUILLE inhum\u00e9 cette semaine.<br \/>\n<\/strong><\/td>\n<\/tr>\n<\/tbody>\n<\/table>\n","protected":false},"excerpt":{"rendered":"<p>Samedi 6 septembre : 10h30 : Bapt\u00eames de Julia et Math\u00e9o VIDAL FERNANDEZ SCOQUART \u00e0 Cr\u00e9cy. 15h30 : Mariage de Alexis VILBOIS et de Florine LEVEQUE \u00e0 La Coll\u00e9giale de Cr\u00e9cy-La-Chapelle. 18h30 : Messe&#46;&#46;&#46;<\/p>\n","protected":false},"author":1,"featured_media":0,"comment_status":"open","ping_status":"open","sticky":false,"template":"","format":"standard","meta":{"footnotes":""},"categories":[2],"tags":[],"class_list":["post-2050","post","type-post","status-publish","format-standard","hentry","category-annonces"],"_links":{"self":[{"href":"https:\/\/www.chapelle-crecy.com\/index.php?rest_route=\/wp\/v2\/posts\/2050","targetHints":{"allow":["GET"]}}],"collection":[{"href":"https:\/\/www.chapelle-crecy.com\/index.php?rest_route=\/wp\/v2\/posts"}],"about":[{"href":"https:\/\/www.chapelle-crecy.com\/index.php?rest_route=\/wp\/v2\/types\/post"}],"author":[{"embeddable":true,"href":"https:\/\/www.chapelle-crecy.com\/index.php?rest_route=\/wp\/v2\/users\/1"}],"replies":[{"embeddable":true,"href":"https:\/\/www.chapelle-crecy.com\/index.php?rest_route=%2Fwp%2Fv2%2Fcomments&post=2050"}],"version-history":[{"count":3,"href":"https:\/\/www.chapelle-crecy.com\/index.php?rest_route=\/wp\/v2\/posts\/2050\/revisions"}],"predecessor-version":[{"id":2053,"href":"https:\/\/www.chapelle-crecy.com\/index.php?rest_route=\/wp\/v2\/posts\/2050\/revisions\/2053"}],"wp:attachment":[{"href":"https:\/\/www.chapelle-crecy.com\/index.php?rest_route=%2Fwp%2Fv2%2Fmedia&parent=2050"}],"wp:term":[{"taxonomy":"category","embeddable":true,"href":"https:\/\/www.chapelle-crecy.com\/index.php?rest_route=%2Fwp%2Fv2%2Fcategories&post=2050"},{"taxonomy":"post_tag","embeddable":true,"href":"https:\/\/www.chapelle-crecy.com\/index.php?rest_route=%2Fwp%2Fv2%2Ftags&post=2050"}],"curies":[{"name":"wp","href":"https:\/\/api.w.org\/{rel}","templated":true}]}}