{"id":2098,"date":"2025-11-23T17:53:00","date_gmt":"2025-11-23T16:53:00","guid":{"rendered":"https:\/\/www.chapelle-crecy.com\/?p=2098"},"modified":"2025-11-30T20:38:44","modified_gmt":"2025-11-30T19:38:44","slug":"annonces-du-24-novembre-au-1er-decembre-2025","status":"publish","type":"post","link":"https:\/\/www.chapelle-crecy.com\/?p=2098","title":{"rendered":"Annonces du 24 novembre au 30 novembre 2025"},"content":{"rendered":"<table>\n<tbody>\n<tr>\n<td style=\"text-align: left;\"><strong><u>Mardi 25 novembre<\/u> :<\/strong><\/td>\n<td style=\"text-align: left;\"><strong><u>9h :<\/u> Messe \u00e0 Cr\u00e9cy.<\/strong><\/td>\n<\/tr>\n<tr>\n<td style=\"text-align: left;\"><strong><u>Mercredi 26 novembre<\/u> :<\/strong><\/td>\n<td style=\"text-align: left;\"><strong><u>18h30 :<\/u> Messe \u00e0 Cr\u00e9cy.<\/strong><\/td>\n<\/tr>\n<tr>\n<td style=\"text-align: left;\"><strong><u>Jeudi 27 novembre<\/u> :<\/strong><\/td>\n<td style=\"text-align: left;\"><strong><u>9h :<\/u> Messe \u00e0 Cr\u00e9cy.<\/strong><\/td>\n<\/tr>\n<tr>\n<td style=\"text-align: left;\"><strong><u>Vendredi 28 novembre\u00a0:<\/u><\/strong><\/td>\n<td style=\"text-align: left;\"><strong><u>18h :<\/u> Adoration du St sacrement suivie de la messe au Presbyt\u00e8re de Cr\u00e9cy.<\/strong><\/td>\n<\/tr>\n<tr>\n<td style=\"text-align: left;\"><strong><u>Samedi 29 novembre<\/u> :<br \/>1er dimanche de l&rsquo;Avent : VEILLEZ.<\/strong><\/td>\n<td style=\"text-align: left;\"><strong><u>10h :<\/u> Messe pour Couppoussamy RAVINDRA \u00e0 l&rsquo;\u00e9glise St R\u00e9mi de Villiers-Sur-Morin.<br \/><u>18h30 :<\/u> Messe \u00e0 l&rsquo;\u00e9glise St Pierre de Voulangis.<br \/>Qu\u00eate pour les chantiers du cardinal.<\/strong><\/td>\n<\/tr>\n<tr>\n<td style=\"text-align: left;\"><strong><u>Dimanche 30 novembre<\/u> :<\/strong><\/td>\n<td style=\"text-align: left;\"><strong><u>10h30 :<\/u> Messe \u00e0 l\u2019\u00e9glise St Georges de Cr\u00e9cy-La-Chapelle.<br \/>Messe pour Jean LEROUX et Pierre-Louis VION.<br \/>Messe pour la famille FERTE FLEURIVAL et GREGO.<br \/>Vente des couronnes de l&rsquo;Avent par l&rsquo;aum\u00f4nerie.<br \/>\nQu\u00eate pour les chantiers du cardinal. C\u00e9l\u00e9bration des anniversaires.<br \/>\n<\/strong><\/td>\n<\/tr>\n<\/tbody>\n<\/table>\n","protected":false},"excerpt":{"rendered":"<p>Mardi 25 novembre : 9h : Messe \u00e0 Cr\u00e9cy. Mercredi 26 novembre : 18h30 : Messe \u00e0 Cr\u00e9cy. Jeudi 27 novembre : 9h : Messe \u00e0 Cr\u00e9cy. Vendredi 28 novembre\u00a0: 18h : Adoration du&#46;&#46;&#46;<\/p>\n","protected":false},"author":1,"featured_media":0,"comment_status":"open","ping_status":"open","sticky":false,"template":"","format":"standard","meta":{"footnotes":""},"categories":[2],"tags":[],"class_list":["post-2098","post","type-post","status-publish","format-standard","hentry","category-annonces"],"_links":{"self":[{"href":"https:\/\/www.chapelle-crecy.com\/index.php?rest_route=\/wp\/v2\/posts\/2098","targetHints":{"allow":["GET"]}}],"collection":[{"href":"https:\/\/www.chapelle-crecy.com\/index.php?rest_route=\/wp\/v2\/posts"}],"about":[{"href":"https:\/\/www.chapelle-crecy.com\/index.php?rest_route=\/wp\/v2\/types\/post"}],"author":[{"embeddable":true,"href":"https:\/\/www.chapelle-crecy.com\/index.php?rest_route=\/wp\/v2\/users\/1"}],"replies":[{"embeddable":true,"href":"https:\/\/www.chapelle-crecy.com\/index.php?rest_route=%2Fwp%2Fv2%2Fcomments&post=2098"}],"version-history":[{"count":3,"href":"https:\/\/www.chapelle-crecy.com\/index.php?rest_route=\/wp\/v2\/posts\/2098\/revisions"}],"predecessor-version":[{"id":2104,"href":"https:\/\/www.chapelle-crecy.com\/index.php?rest_route=\/wp\/v2\/posts\/2098\/revisions\/2104"}],"wp:attachment":[{"href":"https:\/\/www.chapelle-crecy.com\/index.php?rest_route=%2Fwp%2Fv2%2Fmedia&parent=2098"}],"wp:term":[{"taxonomy":"category","embeddable":true,"href":"https:\/\/www.chapelle-crecy.com\/index.php?rest_route=%2Fwp%2Fv2%2Fcategories&post=2098"},{"taxonomy":"post_tag","embeddable":true,"href":"https:\/\/www.chapelle-crecy.com\/index.php?rest_route=%2Fwp%2Fv2%2Ftags&post=2098"}],"curies":[{"name":"wp","href":"https:\/\/api.w.org\/{rel}","templated":true}]}}