{"id":2102,"date":"2025-11-30T17:59:00","date_gmt":"2025-11-30T16:59:00","guid":{"rendered":"https:\/\/www.chapelle-crecy.com\/?p=2102"},"modified":"2025-11-30T09:07:13","modified_gmt":"2025-11-30T08:07:13","slug":"annonces-du-1er-au-7-decembre-2025","status":"publish","type":"post","link":"https:\/\/www.chapelle-crecy.com\/?p=2102","title":{"rendered":"Annonces du 1er au 7 d\u00e9cembre 2025"},"content":{"rendered":"<table>\n<tbody>\n<tr>\n<td style=\"text-align: left;\"><strong><u>Mardi 2 d\u00e9cembre<\/u> :<\/strong><\/td>\n<td style=\"text-align: left;\"><strong><u>9h :<\/u> Messe \u00e0 Cr\u00e9cy.<\/strong><\/td>\n<\/tr>\n<tr>\n<td style=\"text-align: left;\"><strong><u>Mercredi 3 d\u00e9cembre<\/u> :<\/strong><\/td>\n<td style=\"text-align: left;\"><strong><u>18h30 :<\/u> Messe \u00e0 Cr\u00e9cy.<\/strong><\/td>\n<\/tr>\n<tr>\n<td style=\"text-align: left;\"><strong><u>Jeudi 4 d\u00e9cembre<\/u> :<\/strong><\/td>\n<td style=\"text-align: left;\"><strong><u>9h :<\/u> Messe \u00e0 Cr\u00e9cy.<\/strong><\/td>\n<\/tr>\n<tr>\n<td style=\"text-align: left;\"><strong><u>Vendredi 5 d\u00e9cembre\u00a0:<\/u><\/strong><\/td>\n<td style=\"text-align: left;\"><strong><u>18h :<\/u> Adoration du St sacrement suivie de la messe au Presbyt\u00e8re de Cr\u00e9cy.<\/strong><\/td>\n<\/tr>\n<tr>\n<td style=\"text-align: left;\"><strong><u>Samedi 6 d\u00e9cembre<\/u> :<\/strong><\/td>\n<td style=\"text-align: left;\"><strong><u>9h :<\/u> Messe en l\u2019honneur de Notre Bienheureuse Vierge Marie \u00e0 Cr\u00e9cy.<br \/><u>18h30 :<\/u> Messe \u00e0 Villiers.<br \/>Messe pour Raymonde et Jean LEROUX.<\/strong><\/td>\n<\/tr>\n<tr>\n<td style=\"text-align: left;\"><strong><u>Dimanche 7 d\u00e9cembre<\/u> :<br \/>2\u00e8me dimanche de l&rsquo;Avent : CONVERTISSEZ-VOUS.<\/strong><\/td>\n<td style=\"text-align: left;\"><strong><u>10h30 :<\/u> Messe \u00e0 l\u2019\u00e9glise St Georges de Cr\u00e9cy-La-Chapelle.<br \/>Messe pour Raymonde et Jean LEROUX.<br \/>Messe pour la famille PRESSON-LATIEULE.<br \/>\n<u>15h30 :<\/u> Concert de No\u00ebl- Celtic Christmas \u00e0 l\u2019\u00e9glise St R\u00e9mi de Villiers-Sur-Morin.<br \/>\n<\/strong><\/td>\n<\/tr>\n<\/tbody>\n<\/table>\n","protected":false},"excerpt":{"rendered":"<p>Mardi 2 d\u00e9cembre : 9h : Messe \u00e0 Cr\u00e9cy. Mercredi 3 d\u00e9cembre : 18h30 : Messe \u00e0 Cr\u00e9cy. Jeudi 4 d\u00e9cembre : 9h : Messe \u00e0 Cr\u00e9cy. Vendredi 5 d\u00e9cembre\u00a0: 18h : Adoration du&#46;&#46;&#46;<\/p>\n","protected":false},"author":1,"featured_media":0,"comment_status":"open","ping_status":"open","sticky":false,"template":"","format":"standard","meta":{"footnotes":""},"categories":[2],"tags":[],"class_list":["post-2102","post","type-post","status-publish","format-standard","hentry","category-annonces"],"_links":{"self":[{"href":"https:\/\/www.chapelle-crecy.com\/index.php?rest_route=\/wp\/v2\/posts\/2102","targetHints":{"allow":["GET"]}}],"collection":[{"href":"https:\/\/www.chapelle-crecy.com\/index.php?rest_route=\/wp\/v2\/posts"}],"about":[{"href":"https:\/\/www.chapelle-crecy.com\/index.php?rest_route=\/wp\/v2\/types\/post"}],"author":[{"embeddable":true,"href":"https:\/\/www.chapelle-crecy.com\/index.php?rest_route=\/wp\/v2\/users\/1"}],"replies":[{"embeddable":true,"href":"https:\/\/www.chapelle-crecy.com\/index.php?rest_route=%2Fwp%2Fv2%2Fcomments&post=2102"}],"version-history":[{"count":1,"href":"https:\/\/www.chapelle-crecy.com\/index.php?rest_route=\/wp\/v2\/posts\/2102\/revisions"}],"predecessor-version":[{"id":2103,"href":"https:\/\/www.chapelle-crecy.com\/index.php?rest_route=\/wp\/v2\/posts\/2102\/revisions\/2103"}],"wp:attachment":[{"href":"https:\/\/www.chapelle-crecy.com\/index.php?rest_route=%2Fwp%2Fv2%2Fmedia&parent=2102"}],"wp:term":[{"taxonomy":"category","embeddable":true,"href":"https:\/\/www.chapelle-crecy.com\/index.php?rest_route=%2Fwp%2Fv2%2Fcategories&post=2102"},{"taxonomy":"post_tag","embeddable":true,"href":"https:\/\/www.chapelle-crecy.com\/index.php?rest_route=%2Fwp%2Fv2%2Ftags&post=2102"}],"curies":[{"name":"wp","href":"https:\/\/api.w.org\/{rel}","templated":true}]}}