{"id":2106,"date":"2025-12-07T20:56:51","date_gmt":"2025-12-07T19:56:51","guid":{"rendered":"https:\/\/www.chapelle-crecy.com\/?p=2106"},"modified":"2025-12-13T10:34:58","modified_gmt":"2025-12-13T09:34:58","slug":"annonces-du-8-au-14-decembre-2025","status":"publish","type":"post","link":"https:\/\/www.chapelle-crecy.com\/?p=2106","title":{"rendered":"Annonces du 8 au 14 d\u00e9cembre 2025"},"content":{"rendered":"<table>\n<tbody>\n<tr>\n<td style=\"text-align: left;\"><strong><u>Lundi 9 d\u00e9cembre<\/u> :<\/strong><\/td>\n<td style=\"text-align: left;\"><strong><u>18h30 :<\/u> Immacul\u00e9e Conception : Pri\u00e8re mariale suivie de la messe      \t\t\t                  \u00e0 l\u2019\u00e9glise St Georges de Cr\u00e9cy-La-Chapelle.<\/strong><\/td>\n<\/tr>\n<tr>\n<td style=\"text-align: left;\"><strong><u>Mardi 10 d\u00e9cembre<\/u> :<\/strong><\/td>\n<td style=\"text-align: left;\"><strong><u>9h :<\/u> Messe \u00e0 Cr\u00e9cy.<\/strong><\/td>\n<\/tr>\n<tr>\n<td style=\"text-align: left;\"><strong><u>Mercredi 10 d\u00e9cembre<\/u> :<\/strong><\/td>\n<td style=\"text-align: left;\"><strong><u>18h30 :<\/u> Messe \u00e0 Cr\u00e9cy.<\/strong><\/td>\n<\/tr>\n<tr>\n<td style=\"text-align: left;\"><strong><u>Jeudi 11 d\u00e9cembre<\/u> :<\/strong><\/td>\n<td style=\"text-align: left;\"><strong><u>9h :<\/u> Messe \u00e0 Cr\u00e9cy.<\/strong><\/td>\n<\/tr>\n<tr>\n<td style=\"text-align: left;\"><strong><u>Vendredi 12 d\u00e9cembre\u00a0:<\/u><\/strong><\/td>\n<td style=\"text-align: left;\"><strong><u>18h :<\/u> Adoration du St sacrement suivie de la messe au Presbyt\u00e8re de Cr\u00e9cy.<\/strong><\/td>\n<\/tr>\n<tr>\n<td style=\"text-align: left;\"><strong><u>Samedi 13 d\u00e9cembre<\/u> :<\/strong><\/td>\n<td style=\"text-align: left;\"><strong><u>18h30 :<\/u> Messe \u00e0 Voulangis.<br \/>Messe pour Marie et Georges PAQUET, pour Jacqueline et Pierre LOUIS.<br \/>\n<\/strong><\/td>\n<\/tr>\n<tr>\n<td style=\"text-align: left;\"><strong><u>Dimanche 14 d\u00e9cembre<\/u> :<br \/>3\u00e8me dimanche de l&rsquo;Avent : ALLEZ ANNONCER.<\/strong><\/td>\n<td style=\"text-align: left;\"><strong><u>10h30 :<\/u> Messe \u00e0 l\u2019\u00e9glise St Georges de Cr\u00e9cy-La-Chapelle.<br \/>Messe d\u2019action de Gr\u00e2ce pour la famille BOYER.<br \/>Accueil des fianc\u00e9s 2026.<br \/>\n<u>16h :<\/u> Concert de du Petit Ch\u0153ur du Grand-Morin \u00e0 l\u2019\u00e9glise de Cr\u00e9cy-La-Chapelle au profit de Amiti\u00e9-Brie-B\u00e9nin.<br \/>\n<\/strong><\/td>\n<\/tr>\n<\/tbody>\n<\/table>\n","protected":false},"excerpt":{"rendered":"<p>Lundi 9 d\u00e9cembre : 18h30 : Immacul\u00e9e Conception : Pri\u00e8re mariale suivie de la messe \u00e0 l\u2019\u00e9glise St Georges de Cr\u00e9cy-La-Chapelle. Mardi 10 d\u00e9cembre : 9h : Messe \u00e0 Cr\u00e9cy. Mercredi 10 d\u00e9cembre :&#46;&#46;&#46;<\/p>\n","protected":false},"author":1,"featured_media":0,"comment_status":"open","ping_status":"open","sticky":false,"template":"","format":"standard","meta":{"footnotes":""},"categories":[2],"tags":[],"class_list":["post-2106","post","type-post","status-publish","format-standard","hentry","category-annonces"],"_links":{"self":[{"href":"https:\/\/www.chapelle-crecy.com\/index.php?rest_route=\/wp\/v2\/posts\/2106","targetHints":{"allow":["GET"]}}],"collection":[{"href":"https:\/\/www.chapelle-crecy.com\/index.php?rest_route=\/wp\/v2\/posts"}],"about":[{"href":"https:\/\/www.chapelle-crecy.com\/index.php?rest_route=\/wp\/v2\/types\/post"}],"author":[{"embeddable":true,"href":"https:\/\/www.chapelle-crecy.com\/index.php?rest_route=\/wp\/v2\/users\/1"}],"replies":[{"embeddable":true,"href":"https:\/\/www.chapelle-crecy.com\/index.php?rest_route=%2Fwp%2Fv2%2Fcomments&post=2106"}],"version-history":[{"count":2,"href":"https:\/\/www.chapelle-crecy.com\/index.php?rest_route=\/wp\/v2\/posts\/2106\/revisions"}],"predecessor-version":[{"id":2110,"href":"https:\/\/www.chapelle-crecy.com\/index.php?rest_route=\/wp\/v2\/posts\/2106\/revisions\/2110"}],"wp:attachment":[{"href":"https:\/\/www.chapelle-crecy.com\/index.php?rest_route=%2Fwp%2Fv2%2Fmedia&parent=2106"}],"wp:term":[{"taxonomy":"category","embeddable":true,"href":"https:\/\/www.chapelle-crecy.com\/index.php?rest_route=%2Fwp%2Fv2%2Fcategories&post=2106"},{"taxonomy":"post_tag","embeddable":true,"href":"https:\/\/www.chapelle-crecy.com\/index.php?rest_route=%2Fwp%2Fv2%2Ftags&post=2106"}],"curies":[{"name":"wp","href":"https:\/\/api.w.org\/{rel}","templated":true}]}}