{"id":212,"date":"2010-02-20T13:21:57","date_gmt":"2010-02-20T13:21:57","guid":{"rendered":""},"modified":"-0001-11-30T00:00:00","modified_gmt":"-0001-11-29T22:00:00","slug":"","status":"publish","type":"post","link":"https:\/\/www.chapelle-crecy.com\/?p=212","title":{"rendered":"Annonces de la semaine du 22 au 28 f\u00e9vrier 2010"},"content":{"rendered":"<table bgcolor =\"F0FAFF\" border=0>\n<tbody>\n<tr>\n<td>\n<div align=\"justify\">\n<div \"130\">Voici les annonces de la semaine du samedi 20 au dimanche 28 f\u00e9vrier pour la paroisse des 3 clochers Cr\u00e9cy-la-Chapelle, Villiers-sur-Morin, Voulangis.<br \/>Samedi 20 f\u00e9vrier 18h30 : messe \u00e0\u00a0 Villiers. Dimanche 21 \u00e0\u00a0 10h30: Cr\u00e9cy <br \/>\nSamedi 27 f\u00e9vrier 18h30 : messe \u00e0\u00a0 Voulangis. Dimanche 28 \u00e0\u00a0 10h30 : Cr\u00e9cy.<br \/>\nTout le programme dans la suite &#8230; <a><br \/> \n<\/div>\n<\/td>\n<\/tr>\n<\/tbody>\n<\/table>\n<table bgcolor =\"F0F6FF\" border=0>\n<tbody>\n<tr>\n<td><font color=\"CC20AA\">Samedi 20 f\u00e9vrier<\/font><\/td>\n<td><font color=\"CC20AA\">Permanence d&rsquo;ouverture de l&rsquo;\u00e9glise , \u00e0 Cr\u00e9cy, de 14 h30  \u00e0 17 h 30.<\/font><\/td>\n<td><font color=\"CC20AA\">18 h 30  Messe \u00e0 Villiers  pour Marie-Claire JOLY-MONTIGNEAU.<\/font><\/td>\n<\/tr>\n<tr>\n<td><font color=\"00FF00\">Dimanche 21 f\u00e9vrier<\/font><\/td>\n<td><font color=\"00FF00\">10 h 30 &#8211; Messe \u00e0 Cr\u00e9cy pour Philippe ESPARCIEUX et pour la famille BACOUP.<br \/>Nous prierons aussi pour Anne-Marie  HILBERT inhum\u00e9e cette semaine.<\/font><\/td>\n<td><font color=\"00FF00\">11 h 45 &#8211; Bapt\u00eame de Tommy HAELLING.<\/p>\n<p>16 h &#8211; Appel d\u00e9cisif \u00e0 la cath\u00e9drale de Meaux.<\/font><\/td>\n<\/tr>\n<tr>\n<td width=150><font color=\"DDDD00\">Lundi 22 f\u00e9vrier<\/font><\/td>\n<td><font color=\"DDDD00\">17 h &#8211; C\u00e9l\u00e9bration \u00e0 la Maison de Retraite.<\/font><\/td>\n<td><font color=\"DDDD00\"><\/p>\n<div align=\"center\"><img decoding=\"async\" src=\"\/IMG\/gif\/bibles004.gif\"><\/fonT><\/td>\n<p><\/font><\/td>\n<\/tr>\n<tr>\n<td><font color=\"0020FF\"><\/p>\n<div align=\"center\"><img decoding=\"async\" src=\"\/IMG\/gif\/coupes004.gif\"><\/fonT><\/td>\n<td><font color=\"0020FF\">Mardi 23 f\u00e9vrier<\/font><\/td>\n<td><font color=\"0020FF\">9 h &#8211; Messe \u00e0 Cr\u00e9cy pour C\u00e9lestine LYONNET.<\/font><\/td>\n<\/tr>\n<tr>\n<td><font color=\"CC20AA\">Mercredi 24 f\u00e9vrier<\/font><\/td>\n<td><font color=\"CC20AA\">18 h  Messe \u00e0 Cr\u00e9cy pour Pierre DJURJEVIC.<\/font><\/td>\n<td><font color=\"CC20AAA\"><\/p>\n<div align=\"center\"><img decoding=\"async\" src=\"\/IMG\/lieux\/stgeorges02.jpg\" width=150><\/div>\n<p><\/fonT><\/td>\n<\/tr>\n<tr>\n<td><font color=\"00FF00\"><\/p>\n<div align=\"center\"><img decoding=\"async\" src=\"\/IMG\/gif\/cross.gif\" ><\/fonT><\/td>\n<td><font color=\"00FF00\">Jeudi 25 f\u00e9vrier<\/font><\/td>\n<td><font color=\"00FF00\">9 h &#8211; Messe \u00e0 Cr\u00e9cy pour Anne et Ren\u00e9 COUVRI.<\/font><\/td>\n<\/tr>\n<tr>\n<td><font color=\"0020FF\">Vendredi 26 f\u00e9vrier<\/font><\/td>\n<td><font color=\"0020FF\">9 h &#8211; Messe  \u00e0 Cr\u00e9cy pour   les d\u00e9funts de la famille THION-MUNIER.<\/font><\/td>\n<td><font color=\"0020FF\"><\/p>\n<div align=\"center\"><img decoding=\"async\" src=\"\/IMG\/gif\/lumiere_65.gif\"><\/div>\n<p><\/font><\/td>\n<\/tr>\n<tr>\n<td><font color=\"00FF00\"><\/p>\n<div align=\"center\"><img decoding=\"async\" src=\"\/IMG\/jpg\/eglise_voul.jpg\" width=150><\/div>\n<p><\/font><\/td>\n<td><font color=\"CC20AA\">Samedi 27 f\u00e9vrier<\/font><\/td>\n<td><font color=\"CC20AA\">18 h 30  Messe \u00e0 Voulangis  pour Daniel BROUILLET et Jean BEAUSIRE.<\/font><\/td>\n<\/tr>\n<tr>\n<td><font color=\"00FF00\">Dimanche 28 f\u00e9vrier<\/font><\/td>\n<td><font color=\"00FF00\">10 h 30 &#8211; Messe \u00e0 Cr\u00e9cy pour Philippe ESPARCIEUX et Andr\u00e9e REYDEL<\/font><\/td>\n<td><font color=\"00FF00\"><\/p>\n<div align=\"center\"><img decoding=\"async\" src=\"\/IMG\/lieux\/stgeorges01.jpg\" width=150><\/div>\n<p><\/font><\/td>\n<\/tr>\n<\/tbody>\n<\/table>\n","protected":false},"excerpt":{"rendered":"<p>Voici les annonces de la semaine du samedi 20 au dimanche 28 f\u00e9vrier pour la paroisse des 3 clochers Cr\u00e9cy-la-Chapelle, Villiers-sur-Morin, Voulangis.Samedi 20 f\u00e9vrier 18h30 : messe \u00e0\u00a0 Villiers. Dimanche 21 \u00e0\u00a0 10h30: Cr\u00e9cy&#46;&#46;&#46;<\/p>\n","protected":false},"author":2,"featured_media":0,"comment_status":"open","ping_status":"open","sticky":false,"template":"","format":"standard","meta":{"footnotes":""},"categories":[],"tags":[],"class_list":["post-212","post","type-post","status-publish","format-standard","hentry"],"_links":{"self":[{"href":"https:\/\/www.chapelle-crecy.com\/index.php?rest_route=\/wp\/v2\/posts\/212","targetHints":{"allow":["GET"]}}],"collection":[{"href":"https:\/\/www.chapelle-crecy.com\/index.php?rest_route=\/wp\/v2\/posts"}],"about":[{"href":"https:\/\/www.chapelle-crecy.com\/index.php?rest_route=\/wp\/v2\/types\/post"}],"author":[{"embeddable":true,"href":"https:\/\/www.chapelle-crecy.com\/index.php?rest_route=\/wp\/v2\/users\/2"}],"replies":[{"embeddable":true,"href":"https:\/\/www.chapelle-crecy.com\/index.php?rest_route=%2Fwp%2Fv2%2Fcomments&post=212"}],"version-history":[{"count":0,"href":"https:\/\/www.chapelle-crecy.com\/index.php?rest_route=\/wp\/v2\/posts\/212\/revisions"}],"wp:attachment":[{"href":"https:\/\/www.chapelle-crecy.com\/index.php?rest_route=%2Fwp%2Fv2%2Fmedia&parent=212"}],"wp:term":[{"taxonomy":"category","embeddable":true,"href":"https:\/\/www.chapelle-crecy.com\/index.php?rest_route=%2Fwp%2Fv2%2Fcategories&post=212"},{"taxonomy":"post_tag","embeddable":true,"href":"https:\/\/www.chapelle-crecy.com\/index.php?rest_route=%2Fwp%2Fv2%2Ftags&post=212"}],"curies":[{"name":"wp","href":"https:\/\/api.w.org\/{rel}","templated":true}]}}