{"id":2152,"date":"2026-01-25T11:02:30","date_gmt":"2026-01-25T10:02:30","guid":{"rendered":"https:\/\/www.chapelle-crecy.com\/?p=2152"},"modified":"2026-01-31T20:13:05","modified_gmt":"2026-01-31T19:13:05","slug":"annonces-du-24-janvier-au-1er-fevrier-2026","status":"publish","type":"post","link":"https:\/\/www.chapelle-crecy.com\/?p=2152","title":{"rendered":"Annonces du 24 janvier au 1er f\u00e9vrier 2026"},"content":{"rendered":"<table>\n<tbody>\n<tr>\n<td style=\"text-align: left;\" width=300><strong><u>Samedi 24 janvier :<\/u><\/strong><\/td>\n<td style=\"text-align: left;\"><strong><u>10h :<\/u> Messe des cat\u00e9chum\u00e8nes \u00e0 Cr\u00e9cy.<br \/><u>18h30 :<\/u> Messe \u00e0 Voulangis.<\/strong><\/td>\n<\/tr>\n<tr>\n<td style=\"text-align: left;\"><strong><u>Dimanche 25 janvier<\/u> :<\/strong><\/td>\n<td style=\"text-align: left;\"><strong><u>10h30 :<\/u> Messe \u00e0 Voulangis.<br \/>Messe pour la Marcel LAPORTE, Jeannine DUPONT, Gis\u00e8le DAUZET inhum\u00e9s r\u00e9cemment. Messe pour les familles CHEVALLIER- DE LAUBRIERE.<br \/>\n<\/strong><\/td>\n<\/tr>\n<tr>\n<td style=\"text-align: left;\"><strong><u>Mardi 27 janvier<\/u> :<\/strong><\/td>\n<td style=\"text-align: left;\"><strong><u>9h :<\/u> Messe \u00e0 Cr\u00e9cy.<br \/>\n<u>15h30 :<\/u> Obs\u00e8ques de Lucienne DUMONTET \u00e0 Voulangis.<\/strong><\/td>\n<\/tr>\n<tr>\n<td style=\"text-align: left;\"><strong><u>Mercredi 28 janvier<\/u> :<\/strong><\/td>\n<td style=\"text-align: left;\"><strong><u>18h30 :<\/u> Messe \u00e0 Cr\u00e9cy.<\/strong><\/td>\n<\/tr>\n<tr>\n<td style=\"text-align: left;\"><strong><u>Jeudi 29 janvier<\/u> :<\/strong><\/td>\n<td style=\"text-align: left;\"><strong><u>9h :<\/u> Messe \u00e0 Cr\u00e9cy.<\/strong><\/td>\n<\/tr>\n<tr>\n<td style=\"text-align: left;\"><strong><u>Vendredi 30 janvier\u00a0:<\/u><\/strong><\/td>\n<td style=\"text-align: left;\"><strong><u>18h :<\/u> Adoration du St sacrement suivie de la messe \u00e0 Cr\u00e9cy.<\/strong><\/td>\n<\/tr>\n<tr>\n<td style=\"text-align: left;\"><strong><u>Samedi 24 janvier :<\/u><\/strong><\/td>\n<td style=\"text-align: left;\"><strong><u>16h :<\/u> Le P\u00e8re Thierry LEROY signe son livre \u00e0 la librairie Caf\u00e9 de   \t\t\t    Cr\u00e9cy-La-Chapelle.<\/strong><\/td>\n<\/tr>\n<tr>\n<td style=\"text-align: left;\"><strong><u>Dimanche 25 janvier<\/u> :<\/strong><\/td>\n<td style=\"text-align: left;\"><strong><u>10h30 :<\/u> Messe \u00e0 l\u2019\u00e9glise St R\u00e9mi de Villiers-Sur-Morin pr\u00e9sid\u00e9    \t\t\t\tpar le Cur\u00e9 de P\u00f4le.<br \/>Messe pour Lucienne DUMONTET inhum\u00e9e cette semaine.<br \/>Messe des 50 ans de mariage de Jean Jacques et Maria Luisa TENAGUILLO.<br \/>\n<u>12h30 :<\/u> Repas paroissial \u00e0 la Salle Altmann de Cr\u00e9cy-La-Chapelle.<br \/>\n<\/strong><\/td>\n<\/tr>\n<\/tbody>\n<\/table>\n","protected":false},"excerpt":{"rendered":"<p>Samedi 24 janvier : 10h : Messe des cat\u00e9chum\u00e8nes \u00e0 Cr\u00e9cy.18h30 : Messe \u00e0 Voulangis. Dimanche 25 janvier : 10h30 : Messe \u00e0 Voulangis.Messe pour la Marcel LAPORTE, Jeannine DUPONT, Gis\u00e8le DAUZET inhum\u00e9s r\u00e9cemment.&#46;&#46;&#46;<\/p>\n","protected":false},"author":1,"featured_media":0,"comment_status":"open","ping_status":"open","sticky":false,"template":"","format":"standard","meta":{"footnotes":""},"categories":[2],"tags":[],"class_list":["post-2152","post","type-post","status-publish","format-standard","hentry","category-annonces"],"_links":{"self":[{"href":"https:\/\/www.chapelle-crecy.com\/index.php?rest_route=\/wp\/v2\/posts\/2152","targetHints":{"allow":["GET"]}}],"collection":[{"href":"https:\/\/www.chapelle-crecy.com\/index.php?rest_route=\/wp\/v2\/posts"}],"about":[{"href":"https:\/\/www.chapelle-crecy.com\/index.php?rest_route=\/wp\/v2\/types\/post"}],"author":[{"embeddable":true,"href":"https:\/\/www.chapelle-crecy.com\/index.php?rest_route=\/wp\/v2\/users\/1"}],"replies":[{"embeddable":true,"href":"https:\/\/www.chapelle-crecy.com\/index.php?rest_route=%2Fwp%2Fv2%2Fcomments&post=2152"}],"version-history":[{"count":3,"href":"https:\/\/www.chapelle-crecy.com\/index.php?rest_route=\/wp\/v2\/posts\/2152\/revisions"}],"predecessor-version":[{"id":2156,"href":"https:\/\/www.chapelle-crecy.com\/index.php?rest_route=\/wp\/v2\/posts\/2152\/revisions\/2156"}],"wp:attachment":[{"href":"https:\/\/www.chapelle-crecy.com\/index.php?rest_route=%2Fwp%2Fv2%2Fmedia&parent=2152"}],"wp:term":[{"taxonomy":"category","embeddable":true,"href":"https:\/\/www.chapelle-crecy.com\/index.php?rest_route=%2Fwp%2Fv2%2Fcategories&post=2152"},{"taxonomy":"post_tag","embeddable":true,"href":"https:\/\/www.chapelle-crecy.com\/index.php?rest_route=%2Fwp%2Fv2%2Ftags&post=2152"}],"curies":[{"name":"wp","href":"https:\/\/api.w.org\/{rel}","templated":true}]}}