{"id":2183,"date":"2026-03-14T09:01:00","date_gmt":"2026-03-14T08:01:00","guid":{"rendered":"https:\/\/www.chapelle-crecy.com\/?p=2183"},"modified":"2026-03-22T08:46:38","modified_gmt":"2026-03-22T07:46:38","slug":"annonces-du-14-au-22-mars-2026","status":"publish","type":"post","link":"https:\/\/www.chapelle-crecy.com\/?p=2183","title":{"rendered":"Annonces du 14 au 22 mars 2026"},"content":{"rendered":"<table>\n<tbody>\n<tr>\n<td style=\"text-align: left;\"><strong><u>Samedi 14 mars:<\/u><\/strong><\/td>\n<td style=\"text-align: left;\"><strong><u>18h30 :<\/u> Messe \u00e0 Voulangis.<br \/>\n<u>19h :<\/u> Concert GOSPEL \u00e0 l&rsquo;\u00e9glise St R\u00e9mi de Villiers-Sur-Morin.<br \/>\n<\/strong><\/td>\n<\/tr>\n<tr>\n<td style=\"text-align: left;\"><strong><u>Dimanche 15 mars<\/u> :<\/strong><\/td>\n<td style=\"text-align: left;\"><strong><u>10h30 :<\/u> Messe \u00e0 Voulangis.<br \/>\nMesse pour Michel GILLET inhum\u00e9 cette semaine et pour Manuel FERREIRA.<br \/>\n<u>15h :<\/u> Conf\u00e9rence de car\u00eame aux salles paroissiales de Cr\u00e9cy.<br \/>\t\t\t             Film : \u00ab  Un fou noir au pays des blancs \u00bb<br \/>\n<\/strong><\/td>\n<\/tr>\n<tr>\n<td style=\"text-align: left;\"><strong><u>Mardi 17 mars<\/u> :<\/strong><\/td>\n<td style=\"text-align: left;\"><strong><u>9h :<\/u> Messe au presbyt\u00e8re de Cr\u00e9cy.<br \/>\n<u>15h :<\/u> Obs\u00e8ques de Ghyslaine MASSON \u00e0 Villiers-Sur-Morin.<br \/>\n<u>18h30 :<\/u> R\u00e9p\u00e9tition de la chorale.<\/strong><\/td>\n<\/tr>\n<tr>\n<td style=\"text-align: left;\"><strong><u>Mercredi 18 mars<\/u> :<\/strong><\/td>\n<td style=\"text-align: left;\"><strong><u>18h30 :<\/u> Messe au presbyt\u00e8re.<br \/>\n<\/strong><\/td>\n<\/tr>\n<tr>\n<td style=\"text-align: left;\" width=300><strong><u>Jeudi 19 mars<\/u> :<\/strong><\/td>\n<td style=\"text-align: left;\"><strong><u>9h :<\/u> Messe au presbyt\u00e8re.<br \/>\n<\/strong><\/td>\n<\/tr>\n<tr>\n<td style=\"text-align: left;\"><strong><u>Vendredi 20 mars\u00a0:<\/u><\/strong><\/td>\n<td style=\"text-align: left;\"><strong><u>15h :<\/u> Chemin de croix \u00e0 l&rsquo;\u00e9glise St R\u00e9mi de Villiers-Sur-Morin.<br \/>\n<u>18h :<\/u> Adoration du St sacrement suivie de la messe \u00e0 Cr\u00e9cy.<br \/>\n24 h du pardon \u00e0 St Jean Bosco de Meaux.<\/strong><\/td>\n<\/tr>\n<tr>\n<td style=\"text-align: left;\"><strong><u>Samedi 21 mars:<\/u><\/strong><\/td>\n<td style=\"text-align: left;\"><strong><u>24 h du pardon \u00e0 St Jean Bosco de Meaux.<br \/>\nPas de messe en paroisse.<br \/>\n<\/strong><\/td>\n<\/tr>\n<tr>\n<td style=\"text-align: left;\"><strong><u>Dimanche 22 mars<\/u> :<\/strong><\/td>\n<td style=\"text-align: left;\"><strong><u>10h30 :<\/u> Messe \u00e0 Voulangis.<br \/>Messe pour Ghyslaine MASSON inhum\u00e9e cette semaine, Pierrick LOTTHE et Marie-Claire DUBOIS d\u00e9c\u00e9d\u00e9s r\u00e9cemment.<br \/>\nMesse pour la famille FERTE.<br \/>\n<u>15h :<\/u> Conf\u00e9rence de car\u00eame aux salles paroissiales de Cr\u00e9cy.<br \/>\u00ab  Prier pour nos d\u00e9funts, \u00e0 quoi \u00e7a sert ?  \u00bb<br \/>\n<\/strong><\/td>\n<\/tr>\n<\/tbody>\n<\/table>\n","protected":false},"excerpt":{"rendered":"<p>Samedi 14 mars: 18h30 : Messe \u00e0 Voulangis. 19h : Concert GOSPEL \u00e0 l&rsquo;\u00e9glise St R\u00e9mi de Villiers-Sur-Morin. Dimanche 15 mars : 10h30 : Messe \u00e0 Voulangis. Messe pour Michel GILLET inhum\u00e9 cette semaine&#46;&#46;&#46;<\/p>\n","protected":false},"author":1,"featured_media":0,"comment_status":"open","ping_status":"open","sticky":false,"template":"","format":"standard","meta":{"footnotes":""},"categories":[2],"tags":[],"class_list":["post-2183","post","type-post","status-publish","format-standard","hentry","category-annonces"],"_links":{"self":[{"href":"https:\/\/www.chapelle-crecy.com\/index.php?rest_route=\/wp\/v2\/posts\/2183","targetHints":{"allow":["GET"]}}],"collection":[{"href":"https:\/\/www.chapelle-crecy.com\/index.php?rest_route=\/wp\/v2\/posts"}],"about":[{"href":"https:\/\/www.chapelle-crecy.com\/index.php?rest_route=\/wp\/v2\/types\/post"}],"author":[{"embeddable":true,"href":"https:\/\/www.chapelle-crecy.com\/index.php?rest_route=\/wp\/v2\/users\/1"}],"replies":[{"embeddable":true,"href":"https:\/\/www.chapelle-crecy.com\/index.php?rest_route=%2Fwp%2Fv2%2Fcomments&post=2183"}],"version-history":[{"count":2,"href":"https:\/\/www.chapelle-crecy.com\/index.php?rest_route=\/wp\/v2\/posts\/2183\/revisions"}],"predecessor-version":[{"id":2186,"href":"https:\/\/www.chapelle-crecy.com\/index.php?rest_route=\/wp\/v2\/posts\/2183\/revisions\/2186"}],"wp:attachment":[{"href":"https:\/\/www.chapelle-crecy.com\/index.php?rest_route=%2Fwp%2Fv2%2Fmedia&parent=2183"}],"wp:term":[{"taxonomy":"category","embeddable":true,"href":"https:\/\/www.chapelle-crecy.com\/index.php?rest_route=%2Fwp%2Fv2%2Fcategories&post=2183"},{"taxonomy":"post_tag","embeddable":true,"href":"https:\/\/www.chapelle-crecy.com\/index.php?rest_route=%2Fwp%2Fv2%2Ftags&post=2183"}],"curies":[{"name":"wp","href":"https:\/\/api.w.org\/{rel}","templated":true}]}}