{"id":271,"date":"2010-08-29T22:47:00","date_gmt":"2010-08-29T22:47:00","guid":{"rendered":""},"modified":"-0001-11-30T00:00:00","modified_gmt":"-0001-11-29T22:00:00","slug":"","status":"publish","type":"post","link":"https:\/\/www.chapelle-crecy.com\/?p=271","title":{"rendered":"LCE 77 septembre 2010"},"content":{"rendered":"<table bgcolor =\"F0FAFF\" border=0>\n<tbody>\n<tr>\n<td>\n<div align=\"justify\">\n<div \"189\">Pour bien comprendre ce qu&rsquo;est Lourdes Cancer Esp\u00e9rance, voici d&rsquo;abord un petit rappel de l&rsquo;historique de LCE. Si vous d\u00e9sirez en savoir plus concernant le p\u00e8lerinage annuel, nous vous proposons de prendre contact avec les responsables locaux.<\/div>\n<\/div>\n<\/td>\n<\/tr>\n<\/tbody>\n<\/table>\n<p>Historique de l&rsquo;Association L.C.E.<br \/>\n Lourdes Cancer Esp\u00e9rance a vu le jour le 8 d\u00e9cembre 1985.<\/p>\n<p>Jean Claude Bruel, fondateur, touch\u00e9 par un cancer du cervelet a<br \/>\nregrett\u00e9 de ne pouvoir \u00e9changer sur sa foi lors de son s\u00e9jour \u00e0 l&rsquo;h\u00f4pital.<br \/>\nAyant surv\u00e9cu \u00e0 l&rsquo;\u00e9preuve, il a tout mis en oeuvre avec toute son \u00e9nergie<br \/>\npour lancer LCE et il participe encore chaque ann\u00e9e.<br \/>\nIl a trouv\u00e9 une aide pr\u00e9cieuse aupr\u00e8s de ses amis de l&rsquo;Hospitalit\u00e9 dans<br \/>\nlaquelle il \u00e9tait engag\u00e9 depuis 1950, et aupr\u00e8s aussi de la Croix Rouge.<br \/>\nLa d\u00e9cision fut prise d&rsquo;organiser un premier p\u00e8lerinage.<br \/>\nL&rsquo;aventure \u00e9tait lanc\u00e9e. 350 personnes concern\u00e9es par la maladie y<br \/>\nparticip\u00e8rent.<br \/>\nL&rsquo;association r\u00e9gie par la loi 1901 compte aujourd&rsquo;hui plus de<br \/>\n7000 adh\u00e9rents.<\/p>\n<p>Le P\u00e8lerinage : miracle du contact<br \/>\n Le p\u00e8lerinage de LCE est baptis\u00e9 comme celui \u00ab du sourire \u00bb.<br \/>\nAu sein de l&rsquo;Association, les malades retrouvent courage et esp\u00e9rance et,<br \/>\nau quotidien, vivent une r\u00e9alit\u00e9 : \u00ab Ensemble, on est plus fort ! \u00bb<\/p>\n<p>T\u00e9moignage d&rsquo;une malade<br \/>\n \u00ab Je viens \u00e0 Lourdes chaque ann\u00e9e pour prier et dire merci \u00e0 Marie pour<br \/>\nces \u00e9preuves que je n&rsquo;ai pas choisies, mais qui permettent d&rsquo;avancer<br \/>\ndans l&rsquo;esp\u00e9rance. Mais pour cela, il faut pouvoir compter sur la pri\u00e8re<br \/>\net la fraternit\u00e9 du groupe. \u00bb<\/p>\n<p>Message d&rsquo;information<\/p>\n<p>Chers amis,<\/p>\n<p>\u00abLe p\u00e8lerinage du sourire\u00bb comme il est appel\u00e9, rassemble \u00e0<br \/>\nLourdes, en septembre, chaque ann\u00e9e, plus de 5500 p\u00e8lerins.<\/p>\n<p>Ce p\u00e8lerinage LCE est form\u00e9 de personnes qui ont eu ou c\u00f4toy\u00e9<br \/>\ndans leur famille ou leurs proches, un probl\u00e8me avec le cancer.<br \/>\nEnsemble, dans la pri\u00e8re et l&rsquo;amiti\u00e9, on est plus fort pour lutter et vivre<br \/>\nen meilleure sant\u00e9.<\/p>\n<p>Venez avec nous \u00e0 Lourdes pour le 25eme anniversaire<br \/>\ndu p\u00e8lerinage L.C.E, du mardi 21 au samedi 25 septembre<br \/>\npr\u00e9sid\u00e9 par Mgr. Pierre-Marie Carr\u00e9 archev\u00eaque d&rsquo;Albi<br \/>\net anim\u00e9 par Patrick Richard<\/p>\n<p>&#8211; Voyage par train sp\u00e9cial Corail &#8211; 1ere classe &#8211;<\/p>\n<p>Vous \u00eates cordialement invit\u00e9s \u00e0 l&rsquo;une de nos prochaines r\u00e9unions :<\/p>\n<p>&#8211; Lundi 6 septembre 2010 \u00e0 14h.15 \u00e0 Cr\u00e9cy-la-Chapelle<br \/>\n1. place de l&rsquo;Eglise &#8211; Maison paroissiale &#8211; Parking dans la cour <\/p>\n<p>&#8211; Mardi 7 septembre 2010 \u00e0 14h 30 \u00e0 Fontainebleau<br \/>\n2 rue de la Paroisse  Salle B. paroisse St Louis  parking <\/p>\n<p>&#8211; Ccontacts -LCE.77 &#8211;<br \/>\n d\u00e9l\u00e9gu\u00e9e : Ren\u00e9e Gorret &#8211; Cr\u00e9cy<br \/>\n 9 rue Sino\u00ebl &#8211; Montbarbin  77580 Cr\u00e9cy-la-Chapelle<br \/>\n T\u00e9l: 01 64 63 99 30<\/p>\n<p> Rose Blanche Merle<br \/>\n 3 rue Victor Hugo 77300 Fontainebleau<br \/>\n  T\u00e9l: 01 64 22 80 28<\/p>\n<p> Claude Laurent<br \/>\n 26 r. Michel Place 77400 Dampmart<br \/>\n T\u00e9l: 01 60 07 36 90<\/p>\n<p>Le p\u00e8lerinage se vit dans la pri\u00e8re et l&rsquo;amiti\u00e9.<br \/>\nPendant 5 jours, tous les p\u00e8lerins vivent un temps privil\u00e9gi\u00e9 de pri\u00e8re,<br \/>\nde rencontres et d&rsquo;\u00e9changes avec d&rsquo;autres personnes partageant les<br \/>\nm\u00eames soucis face \u00e0 la maladie, ils repartent plus confiants et pleins<br \/>\nd&rsquo;ardeur pour lutter contre le mal, gr\u00e2ce \u00e0 l&rsquo;\u00e9nergie puis\u00e9e dans le<br \/>\nressourcement spirituel et dans l&rsquo;amiti\u00e9.<\/p>\n<p>C&rsquo;est un temps fort &#8211; fraternel &#8211; charg\u00e9 de joie et d&rsquo;esp\u00e9rance !<\/p>\n<p>L.C.E. 77 -Lourdes Cancer Esp\u00e9rance<\/p>\n","protected":false},"excerpt":{"rendered":"<p>Pour bien comprendre ce qu&rsquo;est Lourdes Cancer Esp\u00e9rance, voici d&rsquo;abord un petit rappel de l&rsquo;historique de LCE. Si vous d\u00e9sirez en savoir plus concernant le p\u00e8lerinage annuel, nous vous proposons de prendre contact avec&#46;&#46;&#46;<\/p>\n","protected":false},"author":2,"featured_media":0,"comment_status":"open","ping_status":"open","sticky":false,"template":"","format":"standard","meta":{"footnotes":""},"categories":[],"tags":[],"class_list":["post-271","post","type-post","status-publish","format-standard","hentry"],"_links":{"self":[{"href":"https:\/\/www.chapelle-crecy.com\/index.php?rest_route=\/wp\/v2\/posts\/271","targetHints":{"allow":["GET"]}}],"collection":[{"href":"https:\/\/www.chapelle-crecy.com\/index.php?rest_route=\/wp\/v2\/posts"}],"about":[{"href":"https:\/\/www.chapelle-crecy.com\/index.php?rest_route=\/wp\/v2\/types\/post"}],"author":[{"embeddable":true,"href":"https:\/\/www.chapelle-crecy.com\/index.php?rest_route=\/wp\/v2\/users\/2"}],"replies":[{"embeddable":true,"href":"https:\/\/www.chapelle-crecy.com\/index.php?rest_route=%2Fwp%2Fv2%2Fcomments&post=271"}],"version-history":[{"count":0,"href":"https:\/\/www.chapelle-crecy.com\/index.php?rest_route=\/wp\/v2\/posts\/271\/revisions"}],"wp:attachment":[{"href":"https:\/\/www.chapelle-crecy.com\/index.php?rest_route=%2Fwp%2Fv2%2Fmedia&parent=271"}],"wp:term":[{"taxonomy":"category","embeddable":true,"href":"https:\/\/www.chapelle-crecy.com\/index.php?rest_route=%2Fwp%2Fv2%2Fcategories&post=271"},{"taxonomy":"post_tag","embeddable":true,"href":"https:\/\/www.chapelle-crecy.com\/index.php?rest_route=%2Fwp%2Fv2%2Ftags&post=271"}],"curies":[{"name":"wp","href":"https:\/\/api.w.org\/{rel}","templated":true}]}}