{"id":272,"date":"2010-09-05T11:15:00","date_gmt":"2010-09-05T11:15:00","guid":{"rendered":""},"modified":"-0001-11-30T00:00:00","modified_gmt":"-0001-11-29T22:00:00","slug":"","status":"publish","type":"post","link":"https:\/\/www.chapelle-crecy.com\/?p=272","title":{"rendered":"Annonces de la semaine du 6 au 12 septembre 2010"},"content":{"rendered":"<table bgcolor =\"F0FAFF\" border=0>\n<tbody>\n<tr>\n<td>\n<div align=\"justify\">\n<div \"190\">Voici les annonces de la semaine du lundi 6 au dimanche 12 septembre pour la paroisse des 3 clochers Cr\u00e9cy-la-Chapelle, Villiers-sur-Morin, Voulangis.<br \/>\nSamedi 11 : 18 h 30 messe \u00e0\u00a0 Voulangis.<br \/>\nDimanche 12 : 10 h 30 messe \u00e0\u00a0 Cr\u00e9cy.<br \/>\nTout le programme d\u00e9taill\u00e9 dans la suite &#8230;<\/font><\/div>\n<\/div>\n<\/td>\n<\/tr>\n<\/tbody>\n<\/table>\n<table bgcolor =\"F0F6FF\" border=0>\n<tbody>\n<tr>\n<td width=\"25%\"><font color=\"00CC00\">Lundi 6 septembre.<\/font><\/td>\n<td><font color=\"00CC00\">14 h 30 &#8211; R\u00e9union de LOURDES CANCER ESPERANCE \u00e0 la salle paroissiale.<font><\/td>\n<td width=\"40%\"><font color=\"00CC00\">17 h &#8211; Messe \u00e0 la  Maison de Retraite pour Janine et Edmond LECLERCQ.<br \/>20 h 30  R\u00e9union des Responsables de Cat\u00e9ch\u00e8se.<\/font><\/td>\n<\/tr>\n<tr>\n<td width=\"25%\"><font color=\"802020\">Mardi 7 septembre<\/font><\/td>\n<td><font color=\"802020\">18 h &#8211; Messe \u00e0 Cr\u00e9cy pour Josiane MARTIN et Philippe WAVRANT.<font><\/td>\n<td width=\"40%\"><font color=\"802020\"><\/p>\n<div align=\"center\"><img decoding=\"async\" src=\"\/IMG\/gif\/cross.gif\"><\/div>\n<p><\/font><\/td>\n<\/tr>\n<tr>\n<td width=\"25%\"><font color=\"0020FF\">Mercredi 8 septembre<\/font><\/td>\n<td width=\"40%\"><font color=\"0020FF\"><\/p>\n<div align=\"center\"><img decoding=\"async\" src=\"\/IMG\/gif\/coupes004.gif\"><\/div>\n<p><\/font><\/td>\n<td><font color=\"0020FF\">9 h &#8211; Messe \u00e0 Cr\u00e9cy pour Henriette TUFFIN et Thierry GUY.<font><\/td>\n<\/tr>\n<tr>\n<td width=\"25%\"><font color=\"00CC00\">jeudi 9 septembre<\/font><\/td>\n<td><font color=\"00CC00\">18 h &#8211; Messe \u00e0 Cr\u00e9cy pour Louis JACOB et Andr\u00e9 DESMARETS.<font><\/td>\n<td width=\"40%\"><font color=\"00CC00\"><\/p>\n<div align=\"center\"><img decoding=\"async\" src=\"\/IMG\/gif\/lumiere_65.gif\"><\/div>\n<p><\/font><\/td>\n<\/tr>\n<tr>\n<td width=\"25%\"><font color=\"802020\">Vendredi 10 septembre<\/font><\/td>\n<td><font color=\"802020\">9h &#8211; Messe \u00e0 Cr\u00e9cy pour Robert LORENTZ, Jacques  GALLIATH et les d\u00e9funts de la famille THION-MUNIER.<font><\/td>\n<td><font color=\"802020\">20 h30  R\u00e9union de rentr\u00e9e de l&rsquo;Equipe d&rsquo;Animation Pastorale.<font><\/td>\n<\/tr>\n<tr>\n<td width=\"25%\"><font color=\"0020FF\">Samedi 11 septembre<\/font><\/td>\n<td><font color=\"0020FF\">16 h 30 &#8211; A Cr\u00e9cy, mariage de Geoffroy MUNSCH et Isabelle LEMERCIER.<font><\/td>\n<td><font color=\"0020FF\">18 h 30 &#8211; Messe \u00e0 Voulangis pour Gilberte DENIS.<font><\/td>\n<\/tr>\n<tr>\n<td><font color=\"00CC00\">Dimanche 12 septembre<\/font><\/td>\n<td><font color=\"00CC00\"><\/p>\n<div align=\"center\"><img decoding=\"async\" src=\"\/IMG\/lieux\/stgeorges01.jpg\"><\/div>\n<p><\/font><\/td>\n<td><font color=\"00CC00\">10 h 30  Messe \u00e0 Cr\u00e9cy pour Jos\u00e9 DE ABREU et sa famille ainsi que pour  Marie-Ginette ARDIET.<\/font><\/td>\n<\/tr>\n<\/tbody>\n<\/table>\n","protected":false},"excerpt":{"rendered":"<p>Voici les annonces de la semaine du lundi 6 au dimanche 12 septembre pour la paroisse des 3 clochers Cr\u00e9cy-la-Chapelle, Villiers-sur-Morin, Voulangis. Samedi 11 : 18 h 30 messe \u00e0\u00a0 Voulangis. Dimanche 12 :&#46;&#46;&#46;<\/p>\n","protected":false},"author":2,"featured_media":0,"comment_status":"open","ping_status":"open","sticky":false,"template":"","format":"standard","meta":{"footnotes":""},"categories":[],"tags":[],"class_list":["post-272","post","type-post","status-publish","format-standard","hentry"],"_links":{"self":[{"href":"https:\/\/www.chapelle-crecy.com\/index.php?rest_route=\/wp\/v2\/posts\/272","targetHints":{"allow":["GET"]}}],"collection":[{"href":"https:\/\/www.chapelle-crecy.com\/index.php?rest_route=\/wp\/v2\/posts"}],"about":[{"href":"https:\/\/www.chapelle-crecy.com\/index.php?rest_route=\/wp\/v2\/types\/post"}],"author":[{"embeddable":true,"href":"https:\/\/www.chapelle-crecy.com\/index.php?rest_route=\/wp\/v2\/users\/2"}],"replies":[{"embeddable":true,"href":"https:\/\/www.chapelle-crecy.com\/index.php?rest_route=%2Fwp%2Fv2%2Fcomments&post=272"}],"version-history":[{"count":0,"href":"https:\/\/www.chapelle-crecy.com\/index.php?rest_route=\/wp\/v2\/posts\/272\/revisions"}],"wp:attachment":[{"href":"https:\/\/www.chapelle-crecy.com\/index.php?rest_route=%2Fwp%2Fv2%2Fmedia&parent=272"}],"wp:term":[{"taxonomy":"category","embeddable":true,"href":"https:\/\/www.chapelle-crecy.com\/index.php?rest_route=%2Fwp%2Fv2%2Fcategories&post=272"},{"taxonomy":"post_tag","embeddable":true,"href":"https:\/\/www.chapelle-crecy.com\/index.php?rest_route=%2Fwp%2Fv2%2Ftags&post=272"}],"curies":[{"name":"wp","href":"https:\/\/api.w.org\/{rel}","templated":true}]}}