{"id":318,"date":"2011-01-16T10:25:00","date_gmt":"2011-01-16T10:25:00","guid":{"rendered":""},"modified":"-0001-11-30T00:00:00","modified_gmt":"-0001-11-29T22:00:00","slug":"","status":"publish","type":"post","link":"https:\/\/www.chapelle-crecy.com\/?p=318","title":{"rendered":"Annonces de la semaine du 17 au 23 janvier 2011"},"content":{"rendered":"<table bgcolor =\"F0FAFF\" border=0>\n<tbody>\n<tr>\n<td>\n<div align=\"justify\">\n<div \"239\">Voici les annonces de la semaine du lundi 17 au dimanche 23 janvier 2011 pour la paroisse des 3 clochers Cr\u00e9cy-la-Chapelle, Villiers-sur-Morin, Voulangis.<br \/>\nSamedi 22 \u00e0\u00a0 18 h 30 : Messe \u00e0\u00a0 Voulangis &#8211; Dimanche 23 \u00e0\u00a0 10 h 30, messe \u00e0\u00a0 Cr\u00e9cy &#8211; Tous les d\u00e9tails dans la suite &#8230;<\/div>\n<\/div>\n<\/td>\n<\/tr>\n<\/tbody>\n<\/table>\n<p>Semaine de pri\u00e8re pour l&rsquo;unit\u00e9 des Chr\u00e9tiens<\/p>\n<table bgcolor =\"F0F6FF\" border=0>\n<tbody>\n<tr>\n<td width=\"25%\"><font color=\"00CC00\">Lundi 17 janvier<\/font><\/td>\n<td><font color=\"00CC00\"><br \/>\n14 h 30 &#8211;  Obs\u00e8ques  de Sarah MOURGUES \u00e0 Villiers.<br \/>\n17 h &#8211;  Messe  \u00e0 la Maison de Retraite pour Yvonne LIEVIN .<\/font><\/td>\n<td><font color=\"00CC00\"><br \/>\n20 h 30 &#8211; R\u00e9union de l&rsquo;Equipe d&rsquo;Animation Pastorale.<\/font><\/td>\n<\/tr>\n<tr>\n<td><font color=\"802020\">Mardi 18 janvier<font><\/td>\n<td><font color=\"802020\">18 h  Messe \u00e0 Cr\u00e9cy pour Andr\u00e9 GEORGIN  et Maurice MOTTET.<font><\/td>\n<td><font color=\"802020\"><\/p>\n<div align=\"center\"><img decoding=\"async\" src=\"\/IMG\/gif\/coupes002.gif\"><\/div>\n<p><\/font><\/td>\n<\/tr>\n<tr>\n<td><font color=\"0020FF\">Mercredi 19 janvier<font><\/td>\n<td><font color=\"0020FF\"><\/p>\n<div align=\"center\"><img decoding=\"async\" src=\"\/IMG\/gif\/lumiere_65.gif\"><\/div>\n<p><\/font><\/td>\n<td><font color=\"0020FF\">9 h &#8211; Messe \u00e0 Cr\u00e9cy pour C\u00e9line DESJARDINS et Carmen VALLEE.<font><\/td>\n<\/tr>\n<tr>\n<td><font color=\"00CC00\">Jeudi 20 janvier<\/font><\/td>\n<td><font color=\"00CC00\">18 h  Messe  \u00e0 Cr\u00e9cy  pour Henriette GENTY et Robert VALLEE.<font><\/td>\n<td><font color=\"00CC00\"><\/p>\n<div align=\"center\"><img decoding=\"async\" src=\"\/IMG\/gif\/coupes004.gif\"><\/div>\n<p><font><\/td>\n<\/tr>\n<tr>\n<td><font color=\"802020\">Vendredi 21 janvier<\/font><\/td>\n<td><font color=\"802020\"><\/p>\n<div align=\"center\"><img decoding=\"async\" src=\"\/IMG\/gif\/cross.gif\"><\/div>\n<p><font><\/td>\n<td><font color=\"802020\">9 h &#8211; Messe \u00e0 Cr\u00e9cy pour Evelyne PILOT et Odette BRENARD.<font><\/td>\n<\/tr>\n<tr>\n<tr>\n<td><font color=\"0020FF\">Samedi 22 janvier<\/font><\/td>\n<td><font color=\"0020FF\">18 h 30 &#8211; Messe  \u00e0 Voulangis  pour Marie-France MARTINACHE et Jean DEDIEU.<\/font><\/td>\n<p><font><\/td>\n<td><font color=\"0020FF\"><\/p>\n<div align=\"center\"><img decoding=\"async\" src=\"\/IMG\/lieux\/voulangis_eglise1.jpg\" width=150><\/div>\n<p><font><\/td>\n<\/tr>\n<tr>\n<td><font color=\"00CC00\">Dimanche 23 janvier<\/font><\/td>\n<td><font color=\"00CC00\"><\/p>\n<div align=\"center\"><img decoding=\"async\" src=\"\/IMG\/lieux\/stgeorges04.jpg\"  width=150>\n<\/div>\n<p><\/font><\/td>\n<td><font color=\"00CC00\">10 h 30  A Cr\u00e9cy, Messe pour  S\u00e9raphine et Michel BORELLI ainsi que pour Sarah MOURGUES inhum\u00e9e cette semaine.<\/font><\/td>\n<\/tr>\n<\/tbody>\n<\/table>\n<p>Ce dimanche 23, \u00e0 12 h 30 \u00e0 la salle des f\u00eates de Meaux, aura lieu le SUPER REPAS DU POLE DE MEAUX. Nous esp\u00e9rons nous y retrouver nombreux<\/p>\n","protected":false},"excerpt":{"rendered":"<p>Voici les annonces de la semaine du lundi 17 au dimanche 23 janvier 2011 pour la paroisse des 3 clochers Cr\u00e9cy-la-Chapelle, Villiers-sur-Morin, Voulangis. Samedi 22 \u00e0\u00a0 18 h 30 : Messe \u00e0\u00a0 Voulangis &#8211;&#46;&#46;&#46;<\/p>\n","protected":false},"author":2,"featured_media":0,"comment_status":"open","ping_status":"open","sticky":false,"template":"","format":"standard","meta":{"footnotes":""},"categories":[],"tags":[],"class_list":["post-318","post","type-post","status-publish","format-standard","hentry"],"_links":{"self":[{"href":"https:\/\/www.chapelle-crecy.com\/index.php?rest_route=\/wp\/v2\/posts\/318","targetHints":{"allow":["GET"]}}],"collection":[{"href":"https:\/\/www.chapelle-crecy.com\/index.php?rest_route=\/wp\/v2\/posts"}],"about":[{"href":"https:\/\/www.chapelle-crecy.com\/index.php?rest_route=\/wp\/v2\/types\/post"}],"author":[{"embeddable":true,"href":"https:\/\/www.chapelle-crecy.com\/index.php?rest_route=\/wp\/v2\/users\/2"}],"replies":[{"embeddable":true,"href":"https:\/\/www.chapelle-crecy.com\/index.php?rest_route=%2Fwp%2Fv2%2Fcomments&post=318"}],"version-history":[{"count":0,"href":"https:\/\/www.chapelle-crecy.com\/index.php?rest_route=\/wp\/v2\/posts\/318\/revisions"}],"wp:attachment":[{"href":"https:\/\/www.chapelle-crecy.com\/index.php?rest_route=%2Fwp%2Fv2%2Fmedia&parent=318"}],"wp:term":[{"taxonomy":"category","embeddable":true,"href":"https:\/\/www.chapelle-crecy.com\/index.php?rest_route=%2Fwp%2Fv2%2Fcategories&post=318"},{"taxonomy":"post_tag","embeddable":true,"href":"https:\/\/www.chapelle-crecy.com\/index.php?rest_route=%2Fwp%2Fv2%2Ftags&post=318"}],"curies":[{"name":"wp","href":"https:\/\/api.w.org\/{rel}","templated":true}]}}