{"id":341,"date":"2011-03-21T22:00:00","date_gmt":"2011-03-21T22:00:00","guid":{"rendered":""},"modified":"-0001-11-30T00:00:00","modified_gmt":"-0001-11-29T22:00:00","slug":"","status":"publish","type":"post","link":"https:\/\/www.chapelle-crecy.com\/?p=341","title":{"rendered":"Soutien \u00e0\u00a0 Amiti\u00e9 Brie-Benin"},"content":{"rendered":"<div align=\"justify\">Le 24 mars 2011 aura lieu l&rsquo;assembl\u00e9e G\u00e9n\u00e9rale de l&rsquo;Association Amiti\u00e9 Brie-Benin (ABB), dont l&rsquo;objet est le soutien au projet de ferme du P\u00e8re Guillaume au Benin. Vous pourrez assister \u00e0\u00a0 une s\u00e9ance de projection avec de nombreuses photos du B\u00e9nin.<br \/>\nD&rsquo;autre part, au cours de la brocante de Cr\u00e9cy, le 17 avril, ABB aura un stand dont toute la recette ira \u00e0\u00a0 l&rsquo;oeuvre du P\u00e8re Guillaume.<br \/>\nRetrouvez toutes les infos sur le nouveau site <a href=\"http:\/\/www.amitie-brie-benin.com\/\" target=\"_blank\"><b>www.amitie-brie-benin.com\/<\/div>\n<p><\/b><\/div>\n<div align=\"justify\">Voici le message de Michel Letissier, qui a pass\u00e9, avec son \u00e9pouse, quelques semaines au B\u00e9nin en janvier et nous a ramen\u00e9 un superbe reportage du terrain :<\/p>\n<p> \u00ab\u00a0L&rsquo;assembl\u00e9e g\u00e9n\u00e9rale de l&rsquo;association le jeudi 24 mars \u00e0 20h30 salle Altmann. Il n&rsquo;est pas n\u00e9cessaire d&rsquo;\u00eatre adh\u00e9rent \u00e0 l&rsquo;association pour y participer.<br \/>\n En premi\u00e8re partie, nous projetterons des photos que nous avons prises \u00e0 la ferme de Tori en janvier dernier et ferons le point sur le projet du P\u00e8re Guillaume.<\/p>\n<p> Parlez en autour de vous. Il est n\u00e9cessaire que nous contactions le maximum de personnes pour ces gestes de solidarit\u00e9.<\/p>\n<p> Comptant sur votre participation<\/p>\n<p> L&rsquo;association \u00ab\u00a0Amiti\u00e9 BRIE BENIN\u00a0\u00bb tiendra un stand lors du vide grenier de Cr\u00e9cy-la-Chapelle le dimanche 17 avril.<br \/>\n La totalit\u00e9 de l&rsquo;argent gagn\u00e9 sera int\u00e9gralement vers\u00e9e au projet de la ferme de Tori.<\/p>\n<p> Nous faisons appel \u00e0 votre g\u00e9n\u00e9rosit\u00e9 pour recueillir le maximum d&rsquo;objets, ustensiles, v\u00eatements &#8230; afin de les vendre \u00e0 l&rsquo;occasion de ce vide grenier.<br \/>\n Une tombola sera propos\u00e9e, une personne a d\u00e9j\u00e0 offert un magnifique patchwork qu&rsquo;elle a r\u00e9alis\u00e9.<\/p>\n<p> Nous aurons \u00e9galement besoin de b\u00e9n\u00e9voles pour tenir le stand.<\/p>\n<p> Merci de nous contacter par courriel : michel.letissier@laposte.net ou par t\u00e9l\u00e9phone : 06.81.86.80.41.<br \/>\n\u00a0\u00bb\n <\/p><\/div>\n<div align=\"center\"><img decoding=\"async\" src=\"\/IMG\/reportages\/tori\/Tori_12-01-2011_19.jpg\" width=400><\/div>\n","protected":false},"excerpt":{"rendered":"<p>Le 24 mars 2011 aura lieu l&rsquo;assembl\u00e9e G\u00e9n\u00e9rale de l&rsquo;Association Amiti\u00e9 Brie-Benin (ABB), dont l&rsquo;objet est le soutien au projet de ferme du P\u00e8re Guillaume au Benin. Vous pourrez assister \u00e0\u00a0 une s\u00e9ance de&#46;&#46;&#46;<\/p>\n","protected":false},"author":2,"featured_media":0,"comment_status":"open","ping_status":"open","sticky":false,"template":"","format":"standard","meta":{"footnotes":""},"categories":[],"tags":[],"class_list":["post-341","post","type-post","status-publish","format-standard","hentry"],"_links":{"self":[{"href":"https:\/\/www.chapelle-crecy.com\/index.php?rest_route=\/wp\/v2\/posts\/341","targetHints":{"allow":["GET"]}}],"collection":[{"href":"https:\/\/www.chapelle-crecy.com\/index.php?rest_route=\/wp\/v2\/posts"}],"about":[{"href":"https:\/\/www.chapelle-crecy.com\/index.php?rest_route=\/wp\/v2\/types\/post"}],"author":[{"embeddable":true,"href":"https:\/\/www.chapelle-crecy.com\/index.php?rest_route=\/wp\/v2\/users\/2"}],"replies":[{"embeddable":true,"href":"https:\/\/www.chapelle-crecy.com\/index.php?rest_route=%2Fwp%2Fv2%2Fcomments&post=341"}],"version-history":[{"count":0,"href":"https:\/\/www.chapelle-crecy.com\/index.php?rest_route=\/wp\/v2\/posts\/341\/revisions"}],"wp:attachment":[{"href":"https:\/\/www.chapelle-crecy.com\/index.php?rest_route=%2Fwp%2Fv2%2Fmedia&parent=341"}],"wp:term":[{"taxonomy":"category","embeddable":true,"href":"https:\/\/www.chapelle-crecy.com\/index.php?rest_route=%2Fwp%2Fv2%2Fcategories&post=341"},{"taxonomy":"post_tag","embeddable":true,"href":"https:\/\/www.chapelle-crecy.com\/index.php?rest_route=%2Fwp%2Fv2%2Ftags&post=341"}],"curies":[{"name":"wp","href":"https:\/\/api.w.org\/{rel}","templated":true}]}}