{"id":348,"date":"2011-03-24T22:52:00","date_gmt":"2011-03-24T22:52:00","guid":{"rendered":""},"modified":"-0001-11-30T00:00:00","modified_gmt":"-0001-11-29T22:00:00","slug":"","status":"publish","type":"post","link":"https:\/\/www.chapelle-crecy.com\/?p=348","title":{"rendered":"Les Petits Chanteurs \u00e0\u00a0 la Croix de Bois en concert unique \u00e0\u00a0 Notre Dame du Val \u00e0\u00a0 Bussy-St Georges"},"content":{"rendered":"<div align=\"justify\"> En d\u00e9but de soir\u00e9e, ils vous feront partager un moment musical inoubliable \u00e0\u00a0 travers des oeuvres sacr\u00e9es pour choeur de Haendel, Schubert, Faur\u00e9 ou encore Victoria. Dans une deuxi\u00e8me partie, ils interpr\u00e8tent un voyage autour du monde avec des chants traditionnels et folkloriques, des gospels ou encore des titres plus contemporains comme ceux d&rsquo;Ennio Morricone, d&rsquo;Edith Piaf et de Rodolphe Pierrepont, auteur de <Musique Universelle>, l&rsquo;hymne du centenaire des Petits Chanteurs. <\/div>\n<div align=\"justify\">RESERVATIONS  ET  INFORMATIONS :<\/p>\n<p> CENTRE PASTORAL  NOTRE- DAME  DU  VAL<br \/>\n 33 boulevard Thibaud de Champagne &#8211; 77600 BUSSY SAINT GEORGES<br \/>\n T\u00e9l: 01 64 66 39 92<\/p>\n<p> LIBRAIRIE LA PLUME  ET  L&rsquo;ECRAN<br \/>\n 59 boulevard Antoine Giroust  77600 BUSSY SAINT GEORGES<br \/>\n T\u00e9l: 01 64 66 78 20<\/p>\n<p> LIBRAIRIE  SILO\u00c3\u2039  VAL  D&rsquo;EUROPE<br \/>\n 24 place d &lsquo; Ariane  77700 CHESSY<br \/>\n T\u00e9l: 01 60 42 44 31<\/p>\n<p> LIBRAIRIE  PLEIN  CIEL<br \/>\n 15-17 rue des March\u00e9s  77400 LAGNY SUR MARNE<br \/>\n T\u00e9l: 01 64 30 12 20<\/p>\n<p> OFFICE DU TOURISME DE MARNE ET GONDOIRE<br \/>\n 2 rue du Chemin de Fer  77400 LAGNY SUR MARNE<br \/>\n T\u00e9l: 01 64 02 15 15<\/p>\n<p> Tarif : 20 \u00e2\u201a\u00ac pour les adultes \/ gratuit pour les moins de 15 ans accompagn\u00e9s (dans la limite de 2 par adulte).<br \/>\n Les places seront en vente le soir du concert.<\/p>\n<p> Pour en savoir plus sur les Petits Chanteurs, visitez leur site :<br \/>\n  [http:\/\/www.pccb.fr\/Homepage->www.pccb.fr\/Homepage]<\/p>\n<p> Consultez ci-apr\u00e8s le communiqu\u00e9 de presse\n <\/p><\/div>\n<div align=\"center\"><img decoding=\"async\" src=\"\/IMG\/jpg\/pccb.jpg\" width=450><\/div>\n","protected":false},"excerpt":{"rendered":"<p>En d\u00e9but de soir\u00e9e, ils vous feront partager un moment musical inoubliable \u00e0\u00a0 travers des oeuvres sacr\u00e9es pour choeur de Haendel, Schubert, Faur\u00e9 ou encore Victoria. Dans une deuxi\u00e8me partie, ils interpr\u00e8tent un voyage&#46;&#46;&#46;<\/p>\n","protected":false},"author":2,"featured_media":0,"comment_status":"open","ping_status":"open","sticky":false,"template":"","format":"standard","meta":{"footnotes":""},"categories":[],"tags":[],"class_list":["post-348","post","type-post","status-publish","format-standard","hentry"],"_links":{"self":[{"href":"https:\/\/www.chapelle-crecy.com\/index.php?rest_route=\/wp\/v2\/posts\/348","targetHints":{"allow":["GET"]}}],"collection":[{"href":"https:\/\/www.chapelle-crecy.com\/index.php?rest_route=\/wp\/v2\/posts"}],"about":[{"href":"https:\/\/www.chapelle-crecy.com\/index.php?rest_route=\/wp\/v2\/types\/post"}],"author":[{"embeddable":true,"href":"https:\/\/www.chapelle-crecy.com\/index.php?rest_route=\/wp\/v2\/users\/2"}],"replies":[{"embeddable":true,"href":"https:\/\/www.chapelle-crecy.com\/index.php?rest_route=%2Fwp%2Fv2%2Fcomments&post=348"}],"version-history":[{"count":0,"href":"https:\/\/www.chapelle-crecy.com\/index.php?rest_route=\/wp\/v2\/posts\/348\/revisions"}],"wp:attachment":[{"href":"https:\/\/www.chapelle-crecy.com\/index.php?rest_route=%2Fwp%2Fv2%2Fmedia&parent=348"}],"wp:term":[{"taxonomy":"category","embeddable":true,"href":"https:\/\/www.chapelle-crecy.com\/index.php?rest_route=%2Fwp%2Fv2%2Fcategories&post=348"},{"taxonomy":"post_tag","embeddable":true,"href":"https:\/\/www.chapelle-crecy.com\/index.php?rest_route=%2Fwp%2Fv2%2Ftags&post=348"}],"curies":[{"name":"wp","href":"https:\/\/api.w.org\/{rel}","templated":true}]}}