{"id":351,"date":"2011-03-28T02:19:41","date_gmt":"2011-03-28T02:19:41","guid":{"rendered":""},"modified":"-0001-11-30T00:00:00","modified_gmt":"-0001-11-29T22:00:00","slug":"","status":"publish","type":"post","link":"https:\/\/www.chapelle-crecy.com\/?p=351","title":{"rendered":"Mon voisin cet inconnu"},"content":{"rendered":"<div align=\"justify\">Martine Schmitt et Alain Deleu, membres de l&rsquo;Equipe Missionnaire  du P\u00f4le de Meaux avaient en charge la pr\u00e9paration de la deuxi\u00e8me conf\u00e9rence de car\u00eame 2011 : \u00ab Mon voisin, cet inconnu \u00bb. En \u00e9cho \u00e0\u00a0 la premi\u00e8re conf\u00e9rence (cf article du 15 mars) anim\u00e9e par soeur Sylvie, bibliste, qui avait approfondi le th\u00e8me de l&rsquo;unit\u00e9 de l&rsquo;Eglise dans le Christ malgr\u00e9 la diversit\u00e9 de ses membres, les intervenants de la conf\u00e9rence de  Cr\u00e9cy, issus du terrain, avaient pour mission de nous expliquer : \u00ab Vous pouvez aimer votre voisin dans sa diff\u00e9rence \u00bb. Ils \u00e9taient trois, Affou\u00e9, Philippe et Fran\u00e7oise pour nous offrir un grand moment de r\u00e9alisme ! <\/div>\n<div align=\"justify\">Etre n\u00e9 quelque part, peu importe, pourvu que mes voisins me reconnaissent !<\/p>\n<div align=\"center\"><img decoding=\"async\" src=\"\/IMG\/jpg\/Afoue-1.jpg\" width=350><\/div>\n<p> Affou\u00e9 Kodjian est n\u00e9e en C\u00f4te d&rsquo;Ivoire. Voil\u00e0 qu&rsquo;il y a 10 ans, elle arrive \u00e0 Trilport, une terre inconnue pour elle. \u00ab Ce qui me fait le plus mal, ce qui me d\u00e9range \u00bb nous dit-elle d&#8217;embl\u00e9e, \u00ab c&rsquo;est quand on me demande : et toi, d&rsquo;o\u00f9 tu viens ? \u00bb. Ces paroles pour moi sont choquantes, car elles me rappellent tous les jours, mon origine, ma couleur de peau. Alors, pour ne pas me sentir trop bless\u00e9e, je pense au Christ, lui qui, dans son pays, d\u00e9rangeait aussi. A mon arriv\u00e9e en France, ce qui a \u00e9t\u00e9 le plus dur, c&rsquo;est d&rsquo;aller vers les gens, d&rsquo;aller vers les autres. Et pour moi, ca n&rsquo;est pas facile. Certes, je suis de couleur, tous les jours, on me fait comprendre que je suis d&rsquo;origine \u00e9trang\u00e8re. Mais, si on va par l\u00e0, nous sommes tous des gens de couleur, de par la couleur de nos cheveux, blonds, bruns, roux, de par la couleur de nos yeux, bleu, vert, noisette,  en un mot, nous sommes tous diff\u00e9rents les uns des autres. Alors, je r\u00eave que mon voisin, mon prochain que je rencontre dans la rue, ne s&rsquo;attache pas qu&rsquo;\u00e0 mes diff\u00e9rences, \u00e0 ma couleur de peau, mais qu&rsquo;il me reconnaisse comme une personne, comme un \u00eatre humain ! \u00bb<\/p>\n<p> Les gens du voyage accordent une grande importance \u00e0 leurs racines et \u00e0 leur famille<\/p>\n<p> Philippe Derieux* est diacre sur le p\u00f4le de Brie-S\u00e9nart et a en charge, au niveau dioc\u00e9sain, l&rsquo;aum\u00f4nerie des gens du voyage. Voici en quelques mots, ce qu&rsquo;il voulait nous partager \u00e0 travers sa mission dans laquelle il est manifestement tr\u00e8s heureux. Tout d&rsquo;abord, Philippe nous pr\u00e9cise que ce que sont les \u00ab Gens du voyage \u00bb ne correspond pas \u00e0 l&rsquo;id\u00e9e que s&rsquo;en font les gens en g\u00e9n\u00e9ral.  En effet, cette appellation est souvent utilis\u00e9e pour d\u00e9signer les Roms, (d&rsquo;origine tsigane) minorit\u00e9 itin\u00e9rante, alors que 95 % des gens du voyage sont fran\u00e7ais. On dit souvent d&rsquo;eux qu&rsquo;ils ont de grosses voitures et de magnifiques caravanes. Cette m\u00e9taphore est r\u00e9guli\u00e8rement utilis\u00e9e, \u00e9voquant cette image de voleurs de poule qui leur colle \u00e0 la peau. En fait, les gens du voyage gagnent leur vie. Ils exercent de nombreux m\u00e9tiers. Ils travaillent, entre autre, dans le commerce, les travaux publics, et pratiquent le plus souvent la taille et le ramassage de d\u00e9chets \u00e0 domicile, le jardinage,  la cueillette saisonni\u00e8re des fruits et l\u00e9gumes, les vendanges, etc. Comme tous les fran\u00e7ais, ils paient leurs imp\u00f4ts.<br \/>\n Par ailleurs, il est int\u00e9ressant de noter que les gens du voyage accordent une tr\u00e8s grande importance aux personnes \u00e2g\u00e9es. Ils sont chr\u00e9tiens, plut\u00f4t attir\u00e9s par les mouvements \u00e9vang\u00e9liques et  pentec\u00f4tistes. Il existe, en France, une vingtaine de p\u00e8lerinages qui leur sont consacr\u00e9s (Lourdes, Puy-en-Velay, Paray-le-Monial et surtout les Saintes-Marie de la mer etc.). Ils ont une grande d\u00e9votion pour la vierge Marie, qu&rsquo;ils appellent \u00abla Sainte\u00bb.  <\/p>\n<div align=\"center\"><img decoding=\"async\" src=\"\/IMG\/jpg\/Bapteme_GDV-1.jpg\" width=450><\/div>\n<p> Un bapt\u00eame c\u00e9l\u00e9br\u00e9 \u00e0 Compans<\/p>\n<p> Leur attachement \u00e0 la famille, li\u00e9 certainement \u00e0 la solidarit\u00e9 et le soutien mutuel que requi\u00e8rent  leur condition de nomade,  pourrait nous interpeller, nous autres catholiques. En effet, pour eux, les bapt\u00eames  sont l&rsquo;occasion de grandes f\u00eates. C\u00e9r\u00e9monie pr\u00e9par\u00e9e dans les moindres d\u00e9tails, beaucoup de personnes sont pr\u00e9sentes pour accueillir le futur baptis\u00e9 dans la communaut\u00e9 chr\u00e9tienne. <\/p>\n<div align=\"center\"><img decoding=\"async\" src=\"\/IMG\/jpg\/Bapteme_GDV-2.jpg\" width=450><\/div>\n<p> D&rsquo;ailleurs, ils pratiquent une coutume bien sympathique pour signifier le plus beau jour de toute personne qui va vivre le bapt\u00eame : au d\u00e9but de la c\u00e9r\u00e9monie, quand le parrain arrive devant l&rsquo;\u00e9glise, avec son filleul dans les bras, il frappe \u00e0 la grande porte. C&rsquo;est alors un membre de la communaut\u00e9, situ\u00e9 \u00e0 l&rsquo;int\u00e9rieur de l&rsquo;\u00e9glise, d\u00e9j\u00e0 baptis\u00e9, qui ouvre la porte, manifestant ainsi l&rsquo;adh\u00e9sion de toute la communaut\u00e9 chr\u00e9tienne pour ce nouveau bapt\u00eame.<\/p>\n<div align=\"center\"><img decoding=\"async\" src=\"\/IMG\/jpg\/Bapteme_GDV-3.jpg\" width=450><\/div>\n<p> Autre \u00e9tape importante de la vie, le d\u00e9c\u00e8s d&rsquo;un proche. L\u00e0 aussi, ils font preuve  d&rsquo;un grand respect autour de la c\u00e9l\u00e9bration des  fun\u00e9railles. Comme autrefois, ils font des \u00abveillages\u00bb (de la mort \u00e0 la mise en bi\u00e8re) aupr\u00e8s de l&rsquo;\u00eatre cher disparu ; \u00e0 tour de r\u00f4le, amis et membres de la famille se relaient pour veiller le d\u00e9funt et prier pour le \u00ab jugement dernier de son \u00e2me \u00bb. Souvent, en p\u00e8lerinage \u00e0 Lourdes, ils ont coutume d&rsquo;inscrire le nom de leurs d\u00e9funts sur un tr\u00e8s gros cierge au pied de la grotte de Massabielle, et restent devant pour le regarder br\u00fbler. C&rsquo;est une autre fa\u00e7on de dire des messes et de continuer \u00e0 prier pour le salut des \u00e2mes de leurs proches. <\/p>\n<div align=\"center\"><img decoding=\"async\" src=\"\/IMG\/jpg\/St_Aubierge-1.jpg\" width=450><\/div>\n<p> Philippe conclut sa pr\u00e9sentation de ces gens qui l&rsquo;ont toujours bien accueilli. Malgr\u00e9 leurs diff\u00e9rences et les probl\u00e8mes qu&rsquo;ils rencontrent (scolarisation difficile, probl\u00e8mes des terrains d&rsquo;accueil ou de grand passage), nous n&rsquo;avons pas \u00e0 avoir peur de nos fr\u00e8res si diff\u00e9rents mais si proches, les Gens du Voyage. Au contraire, osons faire connaissance avec eux, c&rsquo;est l\u00e0 notre mission !<\/p>\n<p> T\u00e9moignage vivant de la \u00ab Dame du Voyage \u00bb, tous les jours en p\u00e8lerinage.<\/p>\n<div align=\"center\"><img decoding=\"async\" src=\"\/IMG\/jpg\/intervenants_Crecy-1.jpg\" width=450><\/div>\n<p> De gauche \u00e0 droite: Myriam Deleu, qui fait du cat\u00e9chisme familial, Philippe Derieux, diacre, Fran\u00e7oise Gaspard ou la \u00ab\u00a0dame du voyage\u00a0\u00bb, et Philippe Legrand, cur\u00e9 du p\u00f4le de Meaux.<\/p>\n<p> Fran\u00e7oise Gaspard fait partie de la communaut\u00e9 des gens du voyage.<br \/>\n Elle a cinquante-trois ans, est maman de six enfants et mamie de seize petits-enfants, dont treize scolaris\u00e9s. Elle travaille tr\u00e8s dur (cueillette de courgettes, salades, p\u00eaches, raisins, \u00e0 travers toute la France), elle vote (fran\u00e7aise depuis 5 g\u00e9n\u00e9rations) et elle paye aussi (le prix de son camion de 14 ans qu&rsquo;elle doit changer oscille entre 15.000 et 30.000 \u00e2\u201a\u00ac).<\/p>\n<div align=\"center\"><img decoding=\"async\" src=\"\/IMG\/jpg\/mes_ecrits-bis.jpg\" width=300><\/div>\n<p> \u00ab Une de mes sp\u00e9cialit\u00e9s : \u00e9crire. Rare chez les gens du voyage. Je suis contagieuse, \u00e9crire est ma maladie. Ecrire, \u00e9crire, \u00e9crire, je ne ferais que cela. Le respect a toujours \u00e9t\u00e9 pour moi d&rsquo;une tr\u00e8s grande importance. Cela fait partie de ma culture et de mes principes. Je raconte ma vie dans les \u00e9coles, dans les \u00e9glises, dans les d\u00e9charges&#8230; Je parle de mes combats gagn\u00e9s, de ma foi qui m&rsquo;aide beaucoup.\u00bb<\/p>\n<p> Fran\u00e7oise est une personne tr\u00e8s attachante et qui a \u00e9mu l&rsquo;assembl\u00e9e par ses propos. Je vous invite \u00e0 la d\u00e9couvrir ou mieux la conna \u00eetre en lisant son livre :<br \/>\n \u00ab Mes cris par mes \u00e9crits, po\u00e8mes de la Dame du Voyage \u00bb<br \/>\n  Fran\u00e7oise Gaspard &#8211; Edition L&rsquo;Harmattan\u00a0\u00bb<\/p>\n<div align=\"center\"><img decoding=\"async\" src=\"\/IMG\/jpg\/mes_ecrits.jpg\" width=300><\/div>\n<p>Voici un petit extrait du livre:<\/p>\n<p> \u00ab\u00a0Dans ce monde que tu ne connais pas<br \/>\n Viens de ton plein gr\u00e9<br \/>\n Si tu veux le visiter<br \/>\n Tu verras que dans ce pays-l\u00e0<br \/>\n L&rsquo;enfant est roi<br \/>\n C&rsquo;est un monde rempli de myst\u00e8re et de joie<br \/>\n Si tu le  veux<br \/>\n Il y a de la place pour toi\u00a0\u00bb<\/p>\n<p>(Ma culture et ma libert\u00e9)<\/p>\n<div align=\"center\"><img decoding=\"async\" src=\"\/IMG\/jpg\/St_Aubierge-2.jpg\" width=450><\/div>\n<p>Rassemblement \u00e0 Saint Aubierge<\/p>\n<div align=\"center\"><img decoding=\"async\" src=\"\/IMG\/jpg\/broderie.jpg\" width=450><\/div>\n<p>une banni\u00e8re qui a \u00e9t\u00e9 brod\u00e9e  par H\u00e9lo\u00efse Brotons, membre de l&rsquo;aum\u00f4nerie, d&rsquo;apr\u00e8s des dessins r\u00e9alis\u00e9s par les enfants des gens du voyage<\/p>\n<p> Voici la r\u00e9flexion qui a \u00e9t\u00e9 men\u00e9e en petits groupes \u00e0 la fin des t\u00e9moignages:<\/p>\n<p> 1. Pour vous, qu&rsquo;y a-t-il \u00e0 retenir de tous ces t\u00e9moignages ?<br \/>\n &#8211; La diff\u00e9rence fait peur et elle est souvent source de blocage;<br \/>\n &#8211; Il faut neutraliser nos peurs pour favoriser l&rsquo;\u00e9change et am\u00e9liorer la communication dans les deux sens;<br \/>\n &#8211; Ne pas se conna \u00eetre engendre la peur, ne pas communiquer engendre la violence;<br \/>\n &#8211; Il faut oser faire le premier pas pour aller \u00e0 la rencontre de l&rsquo;autre, de l&rsquo;\u00e9tranger;<br \/>\n &#8211; Il faut accepter les autres tels qu&rsquo;ils sont, reconna \u00eetre leur dignit\u00e9 et leur diff\u00e9rence;<\/p>\n<p> 2. Que pensez-vous pouvoir mettre en oeuvre pour \u00ab mieux rencontrer votre voisin \u00bb ? personnellement ? au sein de votre communaut\u00e9 ?<br \/>\n &#8211; Il faut aller vers l&rsquo;autre, vers celui qui nous fait peur. Occasionner la rencontre \u00e0 travers des pots de l&rsquo;amiti\u00e9, des f\u00eates des voisins, de quartier;<br \/>\n &#8211; Il faut \u00eatre \u00e0 l&rsquo;\u00e9coute de l&rsquo;autre, prendre le temps de la rencontre;<br \/>\n &#8211; Les rencontres avec des b\u00e9n\u00e9voles comme avec le Secours Catholique lors de ses actions caritatives, les interviews dans le journal paroissial, les contacts avec les couples de la pr\u00e9paration au mariage ou lors des fun\u00e9railles avec l&rsquo;EAD (Equipe d&rsquo;Accompagnement au Deuil) permettent cette invitation \u00e0 l&rsquo;\u00e9change et au dialogue;<\/p>\n<p> La soir\u00e9e s&rsquo;est termin\u00e9e par le notre P\u00e8re et un chant d\u00e9di\u00e9e \u00e0 Notre Dame des Gitans<\/p>\n<p> Apr\u00e8s tout ce qui a \u00e9t\u00e9 dit par les intervenants et partag\u00e9s par les diff\u00e9rents groupes de r\u00e9flexion, il en ressort que si nous voulons vaincre la peur, il nous faut aimer notre prochain. Plus nous aimons, plus la peur dispara \u00eet. Car, quand on aime, on vit dans la confiance. Confiance en soi-m\u00eame, confiance dans les autres, confiance en Dieu. D&rsquo;ailleurs, \u00ab\u00a0l&rsquo;amour ne conna \u00eet pas la peur\u00a0\u00bb nous dit Jacques dans une lettre du Nouveau Testament.<br \/>\n\u00ab\u00a0Amour, esp\u00e9rance et foi (confiance)\u00a0\u00bb constituent les 3 vertus en germe au plus profond de chacun d&rsquo;entre nous. A nous de savoir les faire fructifier.<br \/>\n Et le P\u00e8re Philippe de conclure:<br \/>\n\u00ab\u00a0Si, quand nous r\u00e9citons le Notre P\u00e8re, nous reconnaissons r\u00e9ellement Dieu comme notre P\u00e8re, alors nous sommes, sur cette terre, tous fr\u00e8res. Nous ne devons donc pas nous juger les uns les autres ni nous exclure. Nous devons tous nous aimer avec nos diff\u00e9rences et ne pas avoir peur les uns des autres. Ainsi, nous pourrons nous adresser en v\u00e9rit\u00e9 \u00e0 notre P\u00e8re du Ciel quand nous aimons tous les fr\u00e8res qu&rsquo;il nous a donn\u00e9s.\u00a0\u00bb<\/p>\n<p> Si vous souhaitez joindre Philippe Derieux, voici ses coordonn\u00e9es:<br \/>\n Portable: 06.13.83.81.05<br \/>\n Courriel: philippe.derieux@wanadoo.fr <\/p>\n<p> Prochaine soir\u00e9e de car\u00eame: le lundi 28 mars en l&rsquo;\u00e9glise de Neufmontiers.<br \/>\n Le th\u00e8me abord\u00e9 sera: \u00ab\u00a0\u00bbChr\u00e9tiens engag\u00e9s dans la vie de la cit\u00e9\u00a0\u00bb\u00bb<br \/>\n Les intervenants qui traiteront de ce sujet sont:<\/p>\n<p> &#8211; Bernard CASTAGNER (animateur)<br \/>\n fb.castagner@orange.fr<\/p>\n<p> &#8211; Pierre COATANEA (social)<br \/>\n p.coatanea@orange.fr<\/p>\n<p> &#8211; Christine DUFLOCQ ( syndicat)<br \/>\n christine.duflocq@wanadoo.fr<\/p>\n<p> &#8211; Fran\u00e7ois METIN ( \u00e9conomie)<br \/>\n fmetin@metin.fr<\/p>\n<p> &#8211; Marie-C\u00e9cile SCHMIT (politique)<br \/>\n marie-cs@hotmail.fr<\/p>\n<p> Plan d&rsquo;acc\u00e8s \u00e0 la conf\u00e9rence:<br \/>\n Prendre la RN3, \u00e0 la sortie de Meaux en direction de Paris, tourner \u00e0 la premi\u00e8re route \u00e0 droite, traverser Chauconin, l&rsquo;\u00e9glise de Neufmontiers se situe en haut de la c\u00f4te, en direction de Penchard.<\/p>\n<\/div>\n","protected":false},"excerpt":{"rendered":"<p>Martine Schmitt et Alain Deleu, membres de l&rsquo;Equipe Missionnaire du P\u00f4le de Meaux avaient en charge la pr\u00e9paration de la deuxi\u00e8me conf\u00e9rence de car\u00eame 2011 : \u00ab Mon voisin, cet inconnu \u00bb. En \u00e9cho&#46;&#46;&#46;<\/p>\n","protected":false},"author":2,"featured_media":0,"comment_status":"open","ping_status":"open","sticky":false,"template":"","format":"standard","meta":{"footnotes":""},"categories":[],"tags":[],"class_list":["post-351","post","type-post","status-publish","format-standard","hentry"],"_links":{"self":[{"href":"https:\/\/www.chapelle-crecy.com\/index.php?rest_route=\/wp\/v2\/posts\/351","targetHints":{"allow":["GET"]}}],"collection":[{"href":"https:\/\/www.chapelle-crecy.com\/index.php?rest_route=\/wp\/v2\/posts"}],"about":[{"href":"https:\/\/www.chapelle-crecy.com\/index.php?rest_route=\/wp\/v2\/types\/post"}],"author":[{"embeddable":true,"href":"https:\/\/www.chapelle-crecy.com\/index.php?rest_route=\/wp\/v2\/users\/2"}],"replies":[{"embeddable":true,"href":"https:\/\/www.chapelle-crecy.com\/index.php?rest_route=%2Fwp%2Fv2%2Fcomments&post=351"}],"version-history":[{"count":0,"href":"https:\/\/www.chapelle-crecy.com\/index.php?rest_route=\/wp\/v2\/posts\/351\/revisions"}],"wp:attachment":[{"href":"https:\/\/www.chapelle-crecy.com\/index.php?rest_route=%2Fwp%2Fv2%2Fmedia&parent=351"}],"wp:term":[{"taxonomy":"category","embeddable":true,"href":"https:\/\/www.chapelle-crecy.com\/index.php?rest_route=%2Fwp%2Fv2%2Fcategories&post=351"},{"taxonomy":"post_tag","embeddable":true,"href":"https:\/\/www.chapelle-crecy.com\/index.php?rest_route=%2Fwp%2Fv2%2Ftags&post=351"}],"curies":[{"name":"wp","href":"https:\/\/api.w.org\/{rel}","templated":true}]}}