{"id":358,"date":"2011-04-23T07:18:07","date_gmt":"2011-04-23T07:18:07","guid":{"rendered":""},"modified":"-0001-11-30T00:00:00","modified_gmt":"-0001-11-29T22:00:00","slug":"","status":"publish","type":"post","link":"https:\/\/www.chapelle-crecy.com\/?p=358","title":{"rendered":"Dans les d\u00e9bats d&rsquo;aujourd&rsquo;hui quelle parole d&rsquo;esp\u00e9rance les chr\u00e9tiens peuvent-ils apporter ?"},"content":{"rendered":"<div align=\"justify\">Le car\u00eame se termine aujourd&rsquo;hui, Samedi Saint. En ce jour de silence apr\u00e8s la Passion du Christ que nous avons v\u00e9cu hier soir, nous nous souvenons de la r\u00e9flexion que nous avons men\u00e9e pendant ce temps de car\u00eame.  Au fil des conf\u00e9rences de car\u00eame 2011 qui se sont succ\u00e9d\u00e9es depuis le 14 mars dans notre P\u00f4le de Meaux, nous avons progressivement \u00e9largi notre regard sur nos voisins, ceux qui sont proches de nous, puis sur ceux qui prennent des engagements dans la cit\u00e9 (\u00e9conomique, politique, syndical ou associatif). Lors de la derni\u00e8re conf\u00e9rence, c&rsquo;est \u00e0\u00a0 travers des questions de soci\u00e9t\u00e9 concr\u00e8tes, v\u00e9cues par les hommes et femmes de notre temps, qu&rsquo;Alain Deleu et Evelyne Reydel (membres de l&rsquo;Equipe Missionnaire de P\u00f4le) ont cherch\u00e9 \u00e0\u00a0 savoir comment, en tant que chr\u00e9tien, chacun de nous peut \u00eatre porteur d&rsquo;esp\u00e9rance. Voici, d\u00e9taill\u00e9 ci-apr\u00e8s, le t\u00e9moignage des invit\u00e9s de la soir\u00e9e.<\/div>\n<p>??????????C: ?\u00bb Users ?\u00bb jean- ?\u00bb pde ?\u00bb BUREAUTICLOUD (17938) ?\u00bb 1er Adjoint ?\u00bb animation ?\u00bb 2022 ?\u00bb 13 juillet 2022 a?o????C: ?\u00bb Users ?\u00bb jean- ?\u00bb pde ?\u00bb BUREAUTICLOUD (17938) ?\u00bb 1er Adjoint ?\u00bb patrimoine ?\u00bb expo printemps ?\u00bb 2024s.xlsx????C: ?\u00bb Users ?\u00bb jean- ?\u00bb pde ?\u00bb BUREAUTICLOUD (17938) ?\u00bb 1er Adjoint ?\u00bb animation ?\u00bb 2023 ?\u00bb fete ?\u00bb cross\\ ds?s????C: ?\u00bb Users ?\u00bb jean- ?\u00bb pde ?\u00bb BUREAUTICLOUD (17938) ?\u00bb 1er Adjoint ?\u00bb animation ?\u00bb 2022 ?\u00bb fete village 2022xlsx<\/p>\n","protected":false},"excerpt":{"rendered":"<p>Le car\u00eame se termine aujourd&rsquo;hui, Samedi Saint. En ce jour de silence apr\u00e8s la Passion du Christ que nous avons v\u00e9cu hier soir, nous nous souvenons de la r\u00e9flexion que nous avons men\u00e9e pendant&#46;&#46;&#46;<\/p>\n","protected":false},"author":2,"featured_media":0,"comment_status":"open","ping_status":"open","sticky":false,"template":"","format":"standard","meta":{"footnotes":""},"categories":[],"tags":[],"class_list":["post-358","post","type-post","status-publish","format-standard","hentry"],"_links":{"self":[{"href":"https:\/\/www.chapelle-crecy.com\/index.php?rest_route=\/wp\/v2\/posts\/358","targetHints":{"allow":["GET"]}}],"collection":[{"href":"https:\/\/www.chapelle-crecy.com\/index.php?rest_route=\/wp\/v2\/posts"}],"about":[{"href":"https:\/\/www.chapelle-crecy.com\/index.php?rest_route=\/wp\/v2\/types\/post"}],"author":[{"embeddable":true,"href":"https:\/\/www.chapelle-crecy.com\/index.php?rest_route=\/wp\/v2\/users\/2"}],"replies":[{"embeddable":true,"href":"https:\/\/www.chapelle-crecy.com\/index.php?rest_route=%2Fwp%2Fv2%2Fcomments&post=358"}],"version-history":[{"count":0,"href":"https:\/\/www.chapelle-crecy.com\/index.php?rest_route=\/wp\/v2\/posts\/358\/revisions"}],"wp:attachment":[{"href":"https:\/\/www.chapelle-crecy.com\/index.php?rest_route=%2Fwp%2Fv2%2Fmedia&parent=358"}],"wp:term":[{"taxonomy":"category","embeddable":true,"href":"https:\/\/www.chapelle-crecy.com\/index.php?rest_route=%2Fwp%2Fv2%2Fcategories&post=358"},{"taxonomy":"post_tag","embeddable":true,"href":"https:\/\/www.chapelle-crecy.com\/index.php?rest_route=%2Fwp%2Fv2%2Ftags&post=358"}],"curies":[{"name":"wp","href":"https:\/\/api.w.org\/{rel}","templated":true}]}}