{"id":363,"date":"2011-04-24T10:15:00","date_gmt":"2011-04-24T10:15:00","guid":{"rendered":""},"modified":"-0001-11-30T00:00:00","modified_gmt":"-0001-11-29T22:00:00","slug":"","status":"publish","type":"post","link":"https:\/\/www.chapelle-crecy.com\/?p=363","title":{"rendered":"Annonces de la semaine du 25 avril au 1er mai 2011"},"content":{"rendered":"<table bgcolor =\"F0FAFF\" border=0>\n<tbody>\n<tr>\n<td>\n<div align=\"justify\">\n<div \"285\">Voici les annonces de la semaine du lundi 25 avril au dimanche 1er mai 2011 pour la paroisse des 3 clochers Cr\u00e9cy-la-Chapelle, Villiers-sur-Morin, Voulangis.<br \/>Samedi 30 \u00e0\u00a0 18 h 30 : messe \u00e0\u00a0 Voulangis, Dimanche 1er \u00e0\u00a0 10 h 30, messe \u00e0\u00a0 Cr\u00e9cy &#8211; Tous les d\u00e9tails dans la suite &#8230;<\/div>\n<\/div>\n<\/td>\n<\/tr>\n<\/tbody>\n<\/table>\n<table bgcolor =\"F0F6FF\" border=0>\n<tbody>\n<tr>\n<td width=\"25%\"><font color=\"00CC00\">Lundi 25 avril<\/font><\/td>\n<td><font color=\"00CC00\"><\/p>\n<div align=\"center\"><img decoding=\"async\" src=\"\/IMG\/gif\/bibles004.gif\"><\/div>\n<p><\/font><\/td>\n<td><font color=\"00CC00\">17 h &#8211; Messe \u00e0 la Maison de Retraitepour  Jos\u00e9 DE ABREU et sa famille.<\/font><\/td>\n<\/tr>\n<tr>\n<td><font color=\"802020\">Mardi 26 avril<font><\/td>\n<td><font color=\"802020\">9 h  Messe \u00e0 Cr\u00e9cy pour les Ames du Purgatoire<font><\/td>\n<td><font color=\"802020\"><\/p>\n<div align=\"center\"><img decoding=\"async\" src=\"\/IMG\/gif\/coupes002.gif\" ><\/div>\n<p><\/font><\/td>\n<\/tr>\n<tr>\n<td><font color=\"0020FF\">Mercredi 27 avril<font><\/td>\n<td><font color=\"0020FF\">18 h  Messe \u00e0 Cr\u00e9cy pour Odile  et Marie-Louise BIZOUARD.<\/font><\/td>\n<td><font color=\"0020FF\">20 h 30 &#8211; R\u00e9union de l&rsquo;Equipe d&rsquo;Animation Pastorale.<font><\/td>\n<\/tr>\n<tr>\n<td><font color=\"00CC00\">Jeudi 28 avril<\/font><\/td>\n<td><font color=\"00CC00\"><\/p>\n<div align=\"center\"><img decoding=\"async\" src=\"\/IMG\/gif\/cross.gif\"><\/div>\n<p><font><\/td>\n<td><font color=\"00CC00\">9 h  Messe \u00e0 Cr\u00e9cy pour Andr\u00e9 DAVY et Philippe CAIN.<font><\/td>\n<\/tr>\n<tr>\n<td><font color=\"802020\">Vendredi 29 avril<\/font><\/td>\n<td><font color=\"802020\">18 h &#8211; Messe \u00e0 Cr\u00e9cy pour Guy SCHULLER  et Pierre  MATTHIEU.<font><\/td>\n<td><font color=\"802020\"><\/p>\n<div align=\"center\"><img decoding=\"async\" src=\"\/IMG\/gif\/lumiere_65.gif\" ><\/div>\n<p><font><\/td>\n<\/tr>\n<tr>\n<td><font color=\"0020FF\">Samedi 30 avril<\/font><\/td>\n<td><font color=\"0020FF\">16 h  A la Coll\u00e9giale, Mariage de Philippe POUTONNET et Jennifer KATERENCHUK.<font><\/td>\n<td><font color=\"0020FF\">18 h 30 &#8211; Messe \u00e0 Voulangis  pour Andr\u00e9 GEORGIN et Mathias CURIC. <br \/>Nous c\u00e9l\u00e8brerons \u00e9galement le bapt\u00eame de Cl\u00e9mence GEISLER.<\/font><\/td>\n<\/tr>\n<tr>\n<td><font color=\"00CC00\">Dimanche 1er mai<br \/><font color=\"FF0000\">B\u00e9atification de Jean-Paul II<\/font><\/font><\/td>\n<td><font color=\"00CC00\"><\/p>\n<div align=\"center\"><img decoding=\"async\" src=\"\/IMG\/lieux\/stgeorges11.jpg\"  width=150>\n<\/div>\n<p><\/font><\/td>\n<td><font color=\"00CC00\">10 h 30  Messe \u00e0 Cr\u00e9cy pour Nicole DELLA NEGRA et Thibaud CHRETIEN et bapt\u00eame de Lola UROWIEC.<\/font><\/td>\n<\/tr>\n<\/tbody>\n<\/table>\n","protected":false},"excerpt":{"rendered":"<p>Voici les annonces de la semaine du lundi 25 avril au dimanche 1er mai 2011 pour la paroisse des 3 clochers Cr\u00e9cy-la-Chapelle, Villiers-sur-Morin, Voulangis.Samedi 30 \u00e0\u00a0 18 h 30 : messe \u00e0\u00a0 Voulangis, Dimanche&#46;&#46;&#46;<\/p>\n","protected":false},"author":2,"featured_media":0,"comment_status":"open","ping_status":"open","sticky":false,"template":"","format":"standard","meta":{"footnotes":""},"categories":[],"tags":[],"class_list":["post-363","post","type-post","status-publish","format-standard","hentry"],"_links":{"self":[{"href":"https:\/\/www.chapelle-crecy.com\/index.php?rest_route=\/wp\/v2\/posts\/363","targetHints":{"allow":["GET"]}}],"collection":[{"href":"https:\/\/www.chapelle-crecy.com\/index.php?rest_route=\/wp\/v2\/posts"}],"about":[{"href":"https:\/\/www.chapelle-crecy.com\/index.php?rest_route=\/wp\/v2\/types\/post"}],"author":[{"embeddable":true,"href":"https:\/\/www.chapelle-crecy.com\/index.php?rest_route=\/wp\/v2\/users\/2"}],"replies":[{"embeddable":true,"href":"https:\/\/www.chapelle-crecy.com\/index.php?rest_route=%2Fwp%2Fv2%2Fcomments&post=363"}],"version-history":[{"count":0,"href":"https:\/\/www.chapelle-crecy.com\/index.php?rest_route=\/wp\/v2\/posts\/363\/revisions"}],"wp:attachment":[{"href":"https:\/\/www.chapelle-crecy.com\/index.php?rest_route=%2Fwp%2Fv2%2Fmedia&parent=363"}],"wp:term":[{"taxonomy":"category","embeddable":true,"href":"https:\/\/www.chapelle-crecy.com\/index.php?rest_route=%2Fwp%2Fv2%2Fcategories&post=363"},{"taxonomy":"post_tag","embeddable":true,"href":"https:\/\/www.chapelle-crecy.com\/index.php?rest_route=%2Fwp%2Fv2%2Ftags&post=363"}],"curies":[{"name":"wp","href":"https:\/\/api.w.org\/{rel}","templated":true}]}}