{"id":410,"date":"2012-02-05T23:40:51","date_gmt":"2012-02-05T23:40:51","guid":{"rendered":""},"modified":"-0001-11-30T00:00:00","modified_gmt":"-0001-11-29T22:00:00","slug":"","status":"publish","type":"post","link":"https:\/\/www.chapelle-crecy.com\/?p=410","title":{"rendered":"Repas de p\u00f4le de Meaux ce 5 f\u00e9vrier 2012: les secrets d&rsquo;une r\u00e9ussite"},"content":{"rendered":"<div align=\"justify\">Plus de 180 jeunes, adultes et plus anciens avaient brav\u00e9 le froid pin\u00e7ant, en ce dimanche 5 f\u00e9vrier, pour se retrouver dans la joie et dans une ambiance chaleureuse, pour le traditionnel repas de P\u00f4le. Sur le coup de midi et demi, chr\u00e9tiens ou sympathisants de l&rsquo;Eglise issus des 9 secteurs du P\u00f4le de Meaux (voir carte ci-jointe   <a href=\"http:\/\/eglisecatho-meaux.cef.fr\/spip\/article.php3?id_article=350\" target=\"_blank\"><b>Le P\u00f4le de Meaux <\/b><\/div>\n<p>) se r\u00e9unissaient autour de leur cur\u00e9 de P\u00f4le, le P\u00e8re Philippe Legrand. Depuis sa nomination en 2008, le P\u00e8re Philippe a toujours oeuvr\u00e9 pour favoriser les rencontres entre les habitants du P\u00f4le. Pari une nouvelle fois r\u00e9ussi, puisqu&rsquo;au cours de cet excellent repas de nouveaux liens se sont tiss\u00e9s et on a pu assister \u00e0\u00a0 de beaux \u00e9changes fraternels.<br \/>\nEn parcourant la suite de l&rsquo;article, d\u00e9couvrez le tr\u00e8s beau reportage r\u00e9alis\u00e9 par Elise Laude, Coordinatrice du Secteur Pastoral de Quincy-Couilly-St Germain, secteur organisateur de l&rsquo;\u00e9dition 2012, en ouvrant, en bas de page, le document intitul\u00e9 Reportage du Repas de P\u00f4le r\u00e9alis\u00e9 par Elise Laude.\n<\/p><\/div>\n<div align=\"justify\">\n Retour en image sur les principaux faits marquants de cette journ\u00e9e m\u00e9morable.<br \/>\n Les pr\u00e9paratifs du repas de p\u00f4le ont commenc\u00e9 la veille. C&rsquo;est toute l&rsquo;\u00e9quipe du secteur de St Fiacre qui \u00e9tait \u00e0 l&rsquo;oeuvre. Un beau travail d&rsquo;\u00e9quipe !<\/p>\n<div align=\"center\"><img decoding=\"async\" src=\"\/IMG\/jpg\/prepaStFiacre.jpg\" width=300><\/div>\n<p>\n Les autres photos du repas lui-m\u00eame, sont disponibles sur Picasa.<br \/>\n Vous pouvez visualiser l&rsquo;album photo en cliquant sur le lien ci-dessous. Si vous n&rsquo;avez pas install\u00e9 l&rsquo;application Picasa sur votre PC, tapez \u00ab\u00a0t\u00e9l\u00e9charger picasa\u00a0\u00bb sur google. Enregistrez \u00ab\u00a0picasa39-setup.exe\u00a0\u00bb, puis ex\u00e9cutez. Maintenant, vous pouvez taper sur le lien suivant:<\/p>\n<p> [https:\/\/picasaweb.google.com\/115844185260022001232\/5Fevrier2012RepasDePole->https:\/\/picasaweb.google.com\/115844185260022001232\/5Fevrier2012RepasDePole]<br \/>\n Ecrivez \u00e0 joel.lahaille@free.fr si vous rencontrez le moindre probl\u00e8me pour visualiser les photos.<\/p>\n<div align=\"center\"><img decoding=\"async\" src=\"\/IMG\/jpg\/EntreeSalle.jpg\" width=300><\/div>\n<p> Au cours du repas, de nombreux chants ont \u00e9t\u00e9 repris en choeur. Des jeux et autres animations ont \u00e9t\u00e9 r\u00e9alis\u00e9s entre les plats magnifiquement pr\u00e9par\u00e9s, comme l&rsquo;atteste les photos qui suivent, dans la pi\u00e8ce jointe intitul\u00e9e:<br \/>\n \u00ab\u00a0Reportage du Repas de P\u00f4le r\u00e9alis\u00e9 par Elise Laude\u00a0\u00bb.<br \/>\n Vous pouvez notamment retrouver et jouer chez vous, au jeu de la grille du p\u00f4le, r\u00e9alis\u00e9 par Nathalie Charpentier. (voir fichier ci-joint)<br \/>\n Si vous aimez les jeux de mots fl\u00e9ch\u00e9s, ce jeu sera un r\u00e9gal pour vous. Toutes les r\u00e9ponses se trouvent dans le guide du p\u00f4le de Meaux. Si vous voulez vous le procurer, appeler au presbyt\u00e8re de Cr\u00e9cy: 01 64 63 82 77.<br \/>\n Pour finir, nous vous proposons (enfin) la solution du jeu (pour ceux qui n&rsquo;auraient pas trouv\u00e9!):<\/p>\n<div align=\"center\"><img decoding=\"async\" src=\"\/IMG\/jpg\/Reponse.jpg\" width=350><\/div>\n<p> Merci au P\u00e8re Philippe Legrand, cur\u00e9 du p\u00f4le missionaire de Meaux, \u00e0 Vincent Arents qui a coordonn\u00e9 toutes les \u00e9quipes qui ont particip\u00e9 \u00e0 la pr\u00e9paration de ce repas. Remercions essentiellement les jeunes de l&rsquo;aum\u00f4nerie encadr\u00e9s par Thierry Grondin et Christiane Robert et aussi la participation remarqu\u00e9e des scouts de France de Meaux, sous la direction de leur chef de groupe, Philippe Loron qui ont magnifiquement assur\u00e9 le service de la table.\n<\/p><\/div>\n","protected":false},"excerpt":{"rendered":"<p>Plus de 180 jeunes, adultes et plus anciens avaient brav\u00e9 le froid pin\u00e7ant, en ce dimanche 5 f\u00e9vrier, pour se retrouver dans la joie et dans une ambiance chaleureuse, pour le traditionnel repas de&#46;&#46;&#46;<\/p>\n","protected":false},"author":2,"featured_media":0,"comment_status":"open","ping_status":"open","sticky":false,"template":"","format":"standard","meta":{"footnotes":""},"categories":[],"tags":[],"class_list":["post-410","post","type-post","status-publish","format-standard","hentry"],"_links":{"self":[{"href":"https:\/\/www.chapelle-crecy.com\/index.php?rest_route=\/wp\/v2\/posts\/410","targetHints":{"allow":["GET"]}}],"collection":[{"href":"https:\/\/www.chapelle-crecy.com\/index.php?rest_route=\/wp\/v2\/posts"}],"about":[{"href":"https:\/\/www.chapelle-crecy.com\/index.php?rest_route=\/wp\/v2\/types\/post"}],"author":[{"embeddable":true,"href":"https:\/\/www.chapelle-crecy.com\/index.php?rest_route=\/wp\/v2\/users\/2"}],"replies":[{"embeddable":true,"href":"https:\/\/www.chapelle-crecy.com\/index.php?rest_route=%2Fwp%2Fv2%2Fcomments&post=410"}],"version-history":[{"count":0,"href":"https:\/\/www.chapelle-crecy.com\/index.php?rest_route=\/wp\/v2\/posts\/410\/revisions"}],"wp:attachment":[{"href":"https:\/\/www.chapelle-crecy.com\/index.php?rest_route=%2Fwp%2Fv2%2Fmedia&parent=410"}],"wp:term":[{"taxonomy":"category","embeddable":true,"href":"https:\/\/www.chapelle-crecy.com\/index.php?rest_route=%2Fwp%2Fv2%2Fcategories&post=410"},{"taxonomy":"post_tag","embeddable":true,"href":"https:\/\/www.chapelle-crecy.com\/index.php?rest_route=%2Fwp%2Fv2%2Ftags&post=410"}],"curies":[{"name":"wp","href":"https:\/\/api.w.org\/{rel}","templated":true}]}}