{"id":440,"date":"2012-02-02T20:48:10","date_gmt":"2012-02-02T20:48:10","guid":{"rendered":""},"modified":"-0001-11-30T00:00:00","modified_gmt":"-0001-11-29T22:00:00","slug":"","status":"publish","type":"post","link":"https:\/\/www.chapelle-crecy.com\/?p=440","title":{"rendered":"La chandeleur f\u00eate de la lumi\u00e8re et de la joie"},"content":{"rendered":"<div align=\"justify\">Au coeur de l&rsquo;hiver, l&rsquo;enfant-J\u00e9sus, la lumi\u00e8re du monde, est n\u00e9 dans une cr\u00e8che. A No\u00f6l, Dieu s&rsquo;est donn\u00e9 \u00e0\u00a0 nous. 40 jours plus tard, nous f\u00eatons en ce 2 f\u00e9vrier, la pr\u00e9sentation de J\u00e9sus au Temple. Le Christ aujourd&rsquo;hui vient \u00e0\u00a0 la rencontre de son peuple, en la personne de Sym\u00e9on (lire l&rsquo;Evangile du jour sur [http:\/\/www.prionseneglise.fr\/Les-textes-du-jour\/Evangile->www.prionseneglise.fr].<br \/>\nAu coeur de l&rsquo;hiver de nos vies, laissons la lumi\u00e8re du Seigneur qui vient nous visiter, nous innonder de sa clart\u00e9.<\/div>\n<div align=\"center\"><img decoding=\"async\" src=\"\/IMG\/jpg\/chandeleur.jpg\" width=500 ><\/div>\n<p> PRIERE<br \/>\n Seigneur, que ce cierge<br \/>\n Que je fais br\u00fbler soit lumi\u00e8re<br \/>\n Pour que tu m&rsquo;\u00e9claires<br \/>\n Dans mes difficult\u00e9s et mes d\u00e9cisions.<br \/>\n *************<br \/>\n Qu&rsquo;il soit FEU<br \/>\n Pour que tu br\u00fbles<br \/>\n En moi, tout \u00e9go\u00efsme<br \/>\n Orgueil et impuret\u00e9<br \/>\n *************<br \/>\n Qu&rsquo;il soit flamme<br \/>\n Pour que tu r\u00e9chauffes mon coeur.<br \/>\n *****************<br \/>\n Je ne peux pas rester longtemps<br \/>\n Dans ton \u00e9glise,<br \/>\n En faisant br\u00fbler ce cierge<br \/>\n C&rsquo;est un peu moi que je veux te donner.<br \/>\n ***************<br \/>\n Aide-moi \u00e0 prolonger ma pri\u00e8re<br \/>\n Dans les activit\u00e9s du jour<\/p>\n<div align=\"center\"><img decoding=\"async\" src=\"\/IMG\/jpg\/Grotto_5-2.jpg\" width=400><\/div>\n<p> Chandeleur et tradition<\/p>\n<div align=\"justify\">Traditionnellement, la chandeleur, c&rsquo;est le jour o\u00f9 l&rsquo;on fait des cr\u00eapes.<br \/>\n Et pour y \u00eatre all\u00e9, je vous assure qu&rsquo;\u00e0 Nantes, on peut d\u00e9guster d&rsquo;excellentes cr\u00eapes, peut-\u00eatre les meilleures qui soient. Et \u00e0 propos de la superbe capitale de la r\u00e9gion des Pays de la Loire, si vous voulez passer une \u00ab\u00a0folle journ\u00e9e\u00a0\u00bb, c&rsquo;est vraiment \u00e0 Nantes qu&rsquo;il faut aller du 1er au 5 f\u00e9vrier, pour un festival de musique classique unique en France. Le th\u00e8me de cette 18\u00e8me \u00e9dition est: Le sacre russe. Vous trouverez toutes les informations, reportages et t\u00e9moignages en \u00e9coutant Fid\u00e9lit\u00e9 ou en vous connectant sur le site [http:\/\/www.radio-fidelite.com->http:\/\/www.radio-fidelite.com]<\/p>\n<div align=\"center\"><img decoding=\"async\" src=\"\/IMG\/jpg\/crepes.jpg\" width=300><\/div>\n<p> Et si vous ne pensez pas pouvoir aller en Loire-Atlantique en cette fin de semaine, je vous invite tout de m\u00eame \u00e0 r\u00e9aliser ce soir cette recette de cr\u00eapes suzette, toute simple, mais qui r\u00e9galera assur\u00e9ment toute votre famille:<\/p>\n<p> Ingr\u00e9dients (pour 20 petites cr\u00eapes) :<br \/>\n &#8211; 250 g de farine<br \/>\n &#8211; 3 \u00e0 4 oeufs entiers<br \/>\n &#8211; 4 cl d&rsquo;huile<br \/>\n &#8211; 50 cl litre de lait<br \/>\n &#8211; 1 pinc\u00e9e de sel<br \/>\n &#8211; 100 g de beurre en pommade<br \/>\n &#8211; 50 g de sucre en poudre<br \/>\n &#8211; Le zeste d&rsquo;un citron ou celui d&rsquo;une orange<br \/>\n &#8211; le jus du citron ou un demi d&rsquo;orange<br \/>\n &#8211; 1 cuiller\u00e9es de fine Champagne ou de Grand Marnier<\/p>\n<p> Pr\u00e9paration :<br \/>\n M\u00e9langer la farine en fontaine avec les oeufs entiers, l&rsquo;huile et le sel).<br \/>\n Mouiller l\u00e9g\u00e8rement avec un peu de lait (un quart de la quantit\u00e9) et incorporer au fouet en tournant.<br \/>\n Lorsque la masse est homog\u00e8ne, ajouter le restant du lait en une fois et m\u00e9langer d\u00e9licatement en veillant \u00e0 l&rsquo;absence de grumeaux.<br \/>\n La p\u00e2te est pr\u00eate, il faudra compter un temps de repos pour que gonflent les amidons.<\/p>\n<p> Pr\u00e9parer la garniture :<br \/>\n M\u00e9langer le sucre et les zestes, incorporer le jus, puis l&rsquo;alcool.<br \/>\n Bon app\u00e9tit !\n<\/p><\/div>\n","protected":false},"excerpt":{"rendered":"<p>Au coeur de l&rsquo;hiver, l&rsquo;enfant-J\u00e9sus, la lumi\u00e8re du monde, est n\u00e9 dans une cr\u00e8che. A No\u00f6l, Dieu s&rsquo;est donn\u00e9 \u00e0\u00a0 nous. 40 jours plus tard, nous f\u00eatons en ce 2 f\u00e9vrier, la pr\u00e9sentation de&#46;&#46;&#46;<\/p>\n","protected":false},"author":2,"featured_media":0,"comment_status":"open","ping_status":"open","sticky":false,"template":"","format":"standard","meta":{"footnotes":""},"categories":[],"tags":[],"class_list":["post-440","post","type-post","status-publish","format-standard","hentry"],"_links":{"self":[{"href":"https:\/\/www.chapelle-crecy.com\/index.php?rest_route=\/wp\/v2\/posts\/440","targetHints":{"allow":["GET"]}}],"collection":[{"href":"https:\/\/www.chapelle-crecy.com\/index.php?rest_route=\/wp\/v2\/posts"}],"about":[{"href":"https:\/\/www.chapelle-crecy.com\/index.php?rest_route=\/wp\/v2\/types\/post"}],"author":[{"embeddable":true,"href":"https:\/\/www.chapelle-crecy.com\/index.php?rest_route=\/wp\/v2\/users\/2"}],"replies":[{"embeddable":true,"href":"https:\/\/www.chapelle-crecy.com\/index.php?rest_route=%2Fwp%2Fv2%2Fcomments&post=440"}],"version-history":[{"count":0,"href":"https:\/\/www.chapelle-crecy.com\/index.php?rest_route=\/wp\/v2\/posts\/440\/revisions"}],"wp:attachment":[{"href":"https:\/\/www.chapelle-crecy.com\/index.php?rest_route=%2Fwp%2Fv2%2Fmedia&parent=440"}],"wp:term":[{"taxonomy":"category","embeddable":true,"href":"https:\/\/www.chapelle-crecy.com\/index.php?rest_route=%2Fwp%2Fv2%2Fcategories&post=440"},{"taxonomy":"post_tag","embeddable":true,"href":"https:\/\/www.chapelle-crecy.com\/index.php?rest_route=%2Fwp%2Fv2%2Ftags&post=440"}],"curies":[{"name":"wp","href":"https:\/\/api.w.org\/{rel}","templated":true}]}}