{"id":449,"date":"2012-02-25T20:43:28","date_gmt":"2012-02-25T20:43:28","guid":{"rendered":""},"modified":"-0001-11-30T00:00:00","modified_gmt":"-0001-11-29T22:00:00","slug":"","status":"publish","type":"post","link":"https:\/\/www.chapelle-crecy.com\/?p=449","title":{"rendered":"Annonces de la semaine du 27 f\u00e9vrier au 4 mars 2012"},"content":{"rendered":"<table bgcolor =\"F0FAFF\" border=0>\n<tbody>\n<tr>\n<td>\n<div align=\"justify\">\n<div \"376\">Voici les annonces de la semaine du lundi 27 f\u00e9vrier au dimanche 4 mars 2012 pour la paroisse des 3 clochers Cr\u00e9cy-la-Chapelle, Villiers-sur-Morin, Voulangis.<br \/>\nSamedi 3 \u00e0\u00a0 18 h 30 : messe \u00e0\u00a0 Villiers &#8211; Dimanche 4 \u00e0\u00a0 10h 30 messe \u00e0\u00a0 Cr\u00e9cy.<br \/>Tous les d\u00e9tails dans la suite &#8230;<\/div>\n<\/div>\n<\/td>\n<\/tr>\n<\/tbody>\n<\/table>\n<table bgcolor =\"F0F6FF\" border=0>\n<tbody>\n<tr>\n<td width=\"20%\"><font color=\"00CC00\">Lundi 27 f\u00e9vrier<\/font><\/td>\n<td><font color=\"00CC00\"><\/p>\n<div align=\"center\"><img decoding=\"async\" src=\"\/IMG\/gif\/lumiere_65.gif\"><\/div>\n<p><\/font><\/td>\n<td><font color=\"00CC00\">17 h  Messe \u00e0 la Maison de Retraite, avec Sacrement des Malades.<\/font><\/td>\n<\/tr>\n<tr>\n<td><font color=\"802020\">Mardi 28 f\u00e9vrier<font><\/td>\n<td><font color=\"802020\">18 h &#8211; Messe \u00e0 Cr\u00e9cy pour Louise DELABRUYERE et Georges VAN DER DOOREN.<font><\/td>\n<td><font color=\"802020\"><\/p>\n<div align=\"center\"><img decoding=\"async\" src=\"\/IMG\/gif\/coupes002.gif\" ><\/div>\n<p><\/font><\/td>\n<\/tr>\n<tr>\n<td><font color=\"0020FF\">Mercredi 29 f\u00e9vrier<font><\/td>\n<td><font color=\"00CC00\"><\/p>\n<div align=\"center\"><img decoding=\"async\" src=\"\/IMG\/gif\/coupes004.gif\"><\/div>\n<p><font><\/td>\n<td><font color=\"0020FF\">9 h &#8211; Messe \u00e0 Cr\u00e9cy pour Thibaud CHRETIEN et Jean-Pierre HUGUIN.<\/font><\/td>\n<\/tr>\n<tr>\n<td><font color=\"00CC00\">Jeudi 1er mars<font><\/td>\n<td><font color=\"00CC00\">18 h &#8211; Messe \u00e0 Cr\u00e9cy pour Robert THEVENIN et Eug\u00e8ne POUHAUT.<\/font><\/td>\n<td><font color=\"00CC00\"><\/p>\n<div align=\"center\"><img decoding=\"async\" src=\"\/IMG\/jpg\/bible-1.jpg\" width=150><\/div>\n<p><font><\/td>\n<\/tr>\n<tr>\n<td><font color=\"802020\">Vendredi 2 mars<font><\/td>\n<td><font color=\"802020\"><\/p>\n<div align=\"center\"><img decoding=\"async\" src=\"\/IMG\/gif\/bibles004.gif\" width=150><\/div>\n<p><font><\/td>\n<td><font color=\"802020\">9 h &#8211; Messe \u00e0 Cr\u00e9cy pour Fran\u00e7oise BESSON et la famille de Maggy OHANA.<\/font><\/td>\n<\/tr>\n<tr>\n<td><font color=\"0020FF\">Samedi 3 mars<\/font><\/td>\n<td><font color=\"0020FF\">18 h 30  Messe \u00e0 Villiers pour Sarah MOURGUES et G\u00e9rard LHUILLIER.<font><\/td>\n<td><font color=\"0020FF\"><\/p>\n<div align=\"center\"><img decoding=\"async\" src=\"\/IMG\/lieux\/villiers_eglise.jpg\"  width=150>\n<\/div>\n<p><\/font><\/td>\n<\/tr>\n<tr>\n<td><font color=\"00CC00\">Dimanche 4 mars<\/font><\/td>\n<td><font color=\"00CC00\"><\/p>\n<div align=\"center\"><img decoding=\"async\" src=\"\/IMG\/lieux\/stgeorges01.jpg\"  width=150>\n<\/div>\n<p><\/font><\/td>\n<td><font color=\"00CC00\">10 h 30 &#8211; Messe \u00e0 Cr\u00e9cy pour Ren\u00e9 et Lucienne CHARPIGNON.<\/font><\/td>\n<\/tr>\n<\/tbody>\n<\/table>\n","protected":false},"excerpt":{"rendered":"<p>Voici les annonces de la semaine du lundi 27 f\u00e9vrier au dimanche 4 mars 2012 pour la paroisse des 3 clochers Cr\u00e9cy-la-Chapelle, Villiers-sur-Morin, Voulangis. Samedi 3 \u00e0\u00a0 18 h 30 : messe \u00e0\u00a0 Villiers&#46;&#46;&#46;<\/p>\n","protected":false},"author":2,"featured_media":0,"comment_status":"open","ping_status":"open","sticky":false,"template":"","format":"standard","meta":{"footnotes":""},"categories":[],"tags":[],"class_list":["post-449","post","type-post","status-publish","format-standard","hentry"],"_links":{"self":[{"href":"https:\/\/www.chapelle-crecy.com\/index.php?rest_route=\/wp\/v2\/posts\/449","targetHints":{"allow":["GET"]}}],"collection":[{"href":"https:\/\/www.chapelle-crecy.com\/index.php?rest_route=\/wp\/v2\/posts"}],"about":[{"href":"https:\/\/www.chapelle-crecy.com\/index.php?rest_route=\/wp\/v2\/types\/post"}],"author":[{"embeddable":true,"href":"https:\/\/www.chapelle-crecy.com\/index.php?rest_route=\/wp\/v2\/users\/2"}],"replies":[{"embeddable":true,"href":"https:\/\/www.chapelle-crecy.com\/index.php?rest_route=%2Fwp%2Fv2%2Fcomments&post=449"}],"version-history":[{"count":0,"href":"https:\/\/www.chapelle-crecy.com\/index.php?rest_route=\/wp\/v2\/posts\/449\/revisions"}],"wp:attachment":[{"href":"https:\/\/www.chapelle-crecy.com\/index.php?rest_route=%2Fwp%2Fv2%2Fmedia&parent=449"}],"wp:term":[{"taxonomy":"category","embeddable":true,"href":"https:\/\/www.chapelle-crecy.com\/index.php?rest_route=%2Fwp%2Fv2%2Fcategories&post=449"},{"taxonomy":"post_tag","embeddable":true,"href":"https:\/\/www.chapelle-crecy.com\/index.php?rest_route=%2Fwp%2Fv2%2Ftags&post=449"}],"curies":[{"name":"wp","href":"https:\/\/api.w.org\/{rel}","templated":true}]}}