{"id":450,"date":"2012-02-26T01:45:59","date_gmt":"2012-02-26T01:45:59","guid":{"rendered":""},"modified":"-0001-11-30T00:00:00","modified_gmt":"-0001-11-29T22:00:00","slug":"","status":"publish","type":"post","link":"https:\/\/www.chapelle-crecy.com\/?p=450","title":{"rendered":"De fr\u00e8re \u00e0\u00a0 fr\u00e8re !"},"content":{"rendered":"<div align=\"justify\">Il para\u00eet qu&rsquo;on ach\u00e8te souvent un livre sur les conseils d&rsquo;un ami. Alors, sur les recommandations de mon ami, Monseigneur Bernard Podvin, porte-parole \u00e0\u00a0 la Conf\u00e9rence des Ev\u00eaques de France, je vous propose, en ce premier dimanche de Car\u00eame, de prendre connaissance du message de fraternit\u00e9 que le Pape Benoit XVI adresse pour chacun d&rsquo;entre nous. Le P\u00e8re Philippe et le P\u00e8re Aim\u00e9 vous souhaitent, \u00e0\u00a0 chacun et \u00e0\u00a0 vous tous, un bon et saint Car\u00eame 2012!  <\/div>\n<div align=\"justify\">\n Ne le savez-vous peut-\u00eatre pas, Mgr Bernard Podvin \u00e9crit toutes les semaines un billet de 1000 signes sur le site de la Conf\u00e9rence des Ev\u00eaques de France. Tr\u00e8s attach\u00e9 \u00e0 la presse paroissiale, vous ne serez pas insensible en lisant ses courtes r\u00e9flexions mais denses, \u00e0 la profondeur du propos et \u00e0 la proximit\u00e9 qu&rsquo;il entretient avec l&rsquo;homme contemporain. Pour que vous en jugiez par vous-m\u00eame, lisez donc les 1000 signes du Porte Parole de la CEF:<\/p>\n<div align=\"center\"><img decoding=\"async\" src=\"\/IMG\/jpg\/Bernard-2.jpg\n\" width=300><\/div>\n<p>\n <body><br \/>\n<span style=\"color: rgb(255, 102, 0); font-style: italic;\">\u00ab\u00a0Qu&rsquo;il est<br \/>\ndifficile de vivre aujourd&rsquo;hui une relation ajust\u00e9e envers autrui!<br \/>\nNotre soci\u00e9t\u00e9 tr\u00e8s individualiste et fusionnelle vit souvent&nbsp; \u00e0<br \/>\ncoups de susceptibilit\u00e9. Les gens se parlent trop rarement en v\u00e9rit\u00e9 et<br \/>\ngratuit\u00e9. La crise sociale et les invectives politiques accentuent ce<br \/>\nclimat. \u00ab\u00a0Je te flatte ou je te flingue\u00a0\u00bb r\u00e9sume un philosophe. Il faut<br \/>\nprendre la place de l&rsquo;autre au soleil d&rsquo;une \u00e2pre comp\u00e9tition&#8230;. Lisez<br \/>\ndonc&nbsp; le tr\u00e8s beau message&nbsp; de Car\u00eame de Beno \u00eet XVI !&nbsp;<br \/>\nLe Saint-P\u00e8re r\u00e9habilite&nbsp; ce que l&rsquo;on appelle \u00ab\u00a0la correction<br \/>\nfraternelle\u00a0\u00bb. Quel tr\u00e9sor m\u00e9connu ! S&rsquo;adresser \u00e0 l&rsquo;autre avec franchise<br \/>\npour son bien. Parce qu&rsquo;on l&rsquo;aime! Surtout pas comme un \u00eatre parfait<br \/>\nqui corrigerait&nbsp; un interlocuteur horrible. Qui suis-je pour juger<br \/>\nmon fr\u00e8re? Mais dans l&rsquo;humilit\u00e9. Se souvenir, comme dit l&rsquo;Ecriture, que<br \/>\nle juste&nbsp; lui-m\u00eame peut tr\u00e9bucher sept fois le jour. La correction<br \/>\nfraternelle&#8230;V\u00e9cue de fr\u00e8re \u00e0 fr\u00e8re. Si on essayait ?\u00a0\u00bb<\/span><br \/>\n<\/body><\/p>\n<p> Vous trouverez l&rsquo;original de ce texte en cliquant sur:<br \/>\n [http:\/\/www.eglise.catholique.fr\/actualites-et-evenements\/les-1000-signes-du-porte-parole\/de-frere-a-frere&#8211;13646.html->http:\/\/www.eglise.catholique.fr\/actualites-et-evenements\/les-1000-signes-du-porte-parole\/de-frere-a-frere&#8211;13646.html]<\/p>\n<p> Retrouvez en int\u00e9gralit\u00e9 le message du Pape Benoit XVI pour le Car\u00eame 2012:<br \/>\n[ http:\/\/www.eglise.catholique.fr\/ressources-annuaires\/guide-de-l-eglise\/saint-siege-et-vatican\/messages-du-pape\/message-du-saint-pere-pour-le-careme-en-2012.html-> http:\/\/www.eglise.catholique.fr\/ressources-annuaires\/guide-de-l-eglise\/saint-siege-et-vatican\/messages-du-pape\/message-du-saint-pere-pour-le-careme-en-2012.html]<\/p>\n<\/div>\n","protected":false},"excerpt":{"rendered":"<p>Il para\u00eet qu&rsquo;on ach\u00e8te souvent un livre sur les conseils d&rsquo;un ami. Alors, sur les recommandations de mon ami, Monseigneur Bernard Podvin, porte-parole \u00e0\u00a0 la Conf\u00e9rence des Ev\u00eaques de France, je vous propose, en&#46;&#46;&#46;<\/p>\n","protected":false},"author":2,"featured_media":0,"comment_status":"open","ping_status":"open","sticky":false,"template":"","format":"standard","meta":{"footnotes":""},"categories":[],"tags":[],"class_list":["post-450","post","type-post","status-publish","format-standard","hentry"],"_links":{"self":[{"href":"https:\/\/www.chapelle-crecy.com\/index.php?rest_route=\/wp\/v2\/posts\/450","targetHints":{"allow":["GET"]}}],"collection":[{"href":"https:\/\/www.chapelle-crecy.com\/index.php?rest_route=\/wp\/v2\/posts"}],"about":[{"href":"https:\/\/www.chapelle-crecy.com\/index.php?rest_route=\/wp\/v2\/types\/post"}],"author":[{"embeddable":true,"href":"https:\/\/www.chapelle-crecy.com\/index.php?rest_route=\/wp\/v2\/users\/2"}],"replies":[{"embeddable":true,"href":"https:\/\/www.chapelle-crecy.com\/index.php?rest_route=%2Fwp%2Fv2%2Fcomments&post=450"}],"version-history":[{"count":0,"href":"https:\/\/www.chapelle-crecy.com\/index.php?rest_route=\/wp\/v2\/posts\/450\/revisions"}],"wp:attachment":[{"href":"https:\/\/www.chapelle-crecy.com\/index.php?rest_route=%2Fwp%2Fv2%2Fmedia&parent=450"}],"wp:term":[{"taxonomy":"category","embeddable":true,"href":"https:\/\/www.chapelle-crecy.com\/index.php?rest_route=%2Fwp%2Fv2%2Fcategories&post=450"},{"taxonomy":"post_tag","embeddable":true,"href":"https:\/\/www.chapelle-crecy.com\/index.php?rest_route=%2Fwp%2Fv2%2Ftags&post=450"}],"curies":[{"name":"wp","href":"https:\/\/api.w.org\/{rel}","templated":true}]}}