{"id":452,"date":"2012-03-03T13:53:39","date_gmt":"2012-03-03T13:53:39","guid":{"rendered":""},"modified":"-0001-11-30T00:00:00","modified_gmt":"-0001-11-29T22:00:00","slug":"","status":"publish","type":"post","link":"https:\/\/www.chapelle-crecy.com\/?p=452","title":{"rendered":"Annonces de la semaine du 5 au 11 mars 2012"},"content":{"rendered":"<table bgcolor =\"F0FAFF\" border=0>\n<tbody>\n<tr>\n<td>\n<div align=\"justify\">\n<div \"379\">Voici les annonces de la semaine du lundi 5 au dimanche 11 mars 2012 pour la paroisse des 3 clochers Cr\u00e9cy-la-Chapelle, Villiers-sur-Morin, Voulangis.<br \/>\nSamedi 10 \u00e0\u00a0 18 h 30 : messe \u00e0\u00a0 Voulangis &#8211; Dimanche 11 \u00e0\u00a0 10h 30 messe \u00e0\u00a0 Cr\u00e9cy.<br \/>Tous les d\u00e9tails dans la suite &#8230;<\/div>\n<\/div>\n<\/td>\n<\/tr>\n<\/tbody>\n<\/table>\n<table bgcolor =\"F0F6FF\" border=0>\n<tbody>\n<tr>\n<td width=\"20%\"><font color=\"00CC00\">Lundi 5 mars<\/font><\/td>\n<td><font color=\"00CC00\">14 h 30  R\u00e9unions de l&rsquo;Equipe du Rosaire chez Madame LOUIS.<\/font><\/td>\n<td><font color=\"00CC00\">17 h  C\u00e9l\u00e9bration \u00e0 la Maison de Retraite.<\/font><\/td>\n<\/tr>\n<tr>\n<td><font color=\"802020\">Mardi 6 mars<font><\/td>\n<td><font color=\"802020\">10 h 30  Obs\u00e8ques d&rsquo;Ir\u00e8ne DWORZECKI \u00e0 Voulangis.<font><\/td>\n<td><font color=\"802020\">18 h &#8211; Messe \u00e0 Cr\u00e9cy pour Nicole DELLA NEGRA et Georgette ROUGEOREILLE.<\/font><\/td>\n<\/tr>\n<tr>\n<td><font color=\"0020FF\">Mercredi 7 mars<font><\/td>\n<td><font color=\"00CC00\"><\/p>\n<div align=\"center\"><img decoding=\"async\" src=\"\/IMG\/gif\/coupes004.gif\"><\/div>\n<p><font><\/td>\n<td><font color=\"0020FF\">18 h &#8211; Messe \u00e0 Cr\u00e9cy pour Kasimira BERJOT et Julien DESHAYES.<\/font><\/td>\n<\/tr>\n<tr>\n<td><font color=\"00CC00\">Jeudi 8 mars<font><\/td>\n<td><font color=\"00CC00\">18 h &#8211; Messe \u00e0 Cr\u00e9cy pour Ir\u00e8ne BRETON et Evelyne DENQUIN.<\/font><\/td>\n<td><font color=\"00CC00\"><\/p>\n<div align=\"center\"><img decoding=\"async\" src=\"\/IMG\/jpg\/bible-1.jpg\" width=150><\/div>\n<p><font><\/td>\n<\/tr>\n<tr>\n<td><font color=\"802020\">Vendredi 9 mars<font><\/td>\n<td><font color=\"802020\"><\/p>\n<div align=\"center\"><img decoding=\"async\" src=\"\/IMG\/gif\/bibles004.gif\" width=150><\/div>\n<p><font><\/td>\n<td><font color=\"802020\">9 h &#8211; Messe \u00e0 Cr\u00e9cy pour les d\u00e9funts de la famille THION-MUNIER.<\/font><\/td>\n<\/tr>\n<tr>\n<td><font color=\"0020FF\">Samedi 10 mars<\/font><\/td>\n<td><font color=\"0020FF\">18 h 30 Messe \u00e0 Voulangis pour  Maryvonne MATHONNET et Jacques SANSON  Nous prierons aussi pour Mme DWORZECKI inhum\u00e9e mardi.<font><\/td>\n<td><font color=\"0020FF\"><\/p>\n<div align=\"center\"><img decoding=\"async\" src=\"\/IMG\/lieux\/voulangis_eglise1.jpg\"  width=150>\n<\/div>\n<p><\/font><\/td>\n<\/tr>\n<tr>\n<td><font color=\"00CC00\">Dimanche 11 mars<\/font><\/td>\n<td><font color=\"00CC00\"><\/p>\n<div align=\"center\"><img decoding=\"async\" src=\"\/IMG\/lieux\/stgeorges10.jpg\"  width=150>\n<\/div>\n<p><\/font><\/td>\n<td><font color=\"00CC00\">10 h 30 &#8211; Messe  \u00e2\u20ac\u0153Cat\u00e9-Dimanche\u00e2\u20ac\u009d \u00e0 Cr\u00e9cy  \u00e0 laquelle toute la communaut\u00e9 est invit\u00e9e, paroissiens, parents et enfants du cat\u00e9chisme. Accueil d&rsquo;Alban qui sera baptis\u00e9 le 13 mai.<br \/>\nCette Messe a \u00e9t\u00e9 demand\u00e9e  pour Mme TOUSSAINT &#8211;  Et  nous prierons tout particuli\u00e8rement pour notre P\u00e8re LALLEMANT d\u00e9c\u00e9d\u00e9 la semaine derni\u00e8re.<br \/>\n<\/font><\/td>\n<\/tr>\n<\/tbody>\n<\/table>\n<p><font color=\"FF0000\">A  la fin de la Messe du samedi 10 mars, \u00e0 Voulangis,  les jeunes du  MEJ et de<br \/>\nl&rsquo;Aum\u00f4nerie vous proposeront  l&rsquo;achat de g\u00e2teaux  de leur confection, pour<br \/>\nles aider \u00e0 financer leur participation au  FRAT, \u00e0 Lourdes, au mois d&rsquo;Avril.<br \/>D&rsquo;avance, merci pour eux<\/font><\/p>\n","protected":false},"excerpt":{"rendered":"<p>Voici les annonces de la semaine du lundi 5 au dimanche 11 mars 2012 pour la paroisse des 3 clochers Cr\u00e9cy-la-Chapelle, Villiers-sur-Morin, Voulangis. Samedi 10 \u00e0\u00a0 18 h 30 : messe \u00e0\u00a0 Voulangis &#8211;&#46;&#46;&#46;<\/p>\n","protected":false},"author":2,"featured_media":0,"comment_status":"open","ping_status":"open","sticky":false,"template":"","format":"standard","meta":{"footnotes":""},"categories":[],"tags":[],"class_list":["post-452","post","type-post","status-publish","format-standard","hentry"],"_links":{"self":[{"href":"https:\/\/www.chapelle-crecy.com\/index.php?rest_route=\/wp\/v2\/posts\/452","targetHints":{"allow":["GET"]}}],"collection":[{"href":"https:\/\/www.chapelle-crecy.com\/index.php?rest_route=\/wp\/v2\/posts"}],"about":[{"href":"https:\/\/www.chapelle-crecy.com\/index.php?rest_route=\/wp\/v2\/types\/post"}],"author":[{"embeddable":true,"href":"https:\/\/www.chapelle-crecy.com\/index.php?rest_route=\/wp\/v2\/users\/2"}],"replies":[{"embeddable":true,"href":"https:\/\/www.chapelle-crecy.com\/index.php?rest_route=%2Fwp%2Fv2%2Fcomments&post=452"}],"version-history":[{"count":0,"href":"https:\/\/www.chapelle-crecy.com\/index.php?rest_route=\/wp\/v2\/posts\/452\/revisions"}],"wp:attachment":[{"href":"https:\/\/www.chapelle-crecy.com\/index.php?rest_route=%2Fwp%2Fv2%2Fmedia&parent=452"}],"wp:term":[{"taxonomy":"category","embeddable":true,"href":"https:\/\/www.chapelle-crecy.com\/index.php?rest_route=%2Fwp%2Fv2%2Fcategories&post=452"},{"taxonomy":"post_tag","embeddable":true,"href":"https:\/\/www.chapelle-crecy.com\/index.php?rest_route=%2Fwp%2Fv2%2Ftags&post=452"}],"curies":[{"name":"wp","href":"https:\/\/api.w.org\/{rel}","templated":true}]}}