{"id":469,"date":"2012-04-12T00:01:14","date_gmt":"2012-04-12T00:01:14","guid":{"rendered":""},"modified":"-0001-11-30T00:00:00","modified_gmt":"-0001-11-29T22:00:00","slug":"","status":"publish","type":"post","link":"https:\/\/www.chapelle-crecy.com\/?p=469","title":{"rendered":"Journ\u00e9e mondiale de la Mis\u00e9ricorde le 15 avril 2012"},"content":{"rendered":"<div align=\"justify\">A l&rsquo;occasion de la journ\u00e9e mondiale de la Mis\u00e9ricorde, c\u00e9l\u00e9br\u00e9e le dimanche 15 avril, vous trouverez ci-joint un communiqu\u00e9 de presse annon\u00e7ant le congr\u00e8s national de la Mis\u00e9ricorde  qui se tiendra les samedi 4 et dimanche 5 ao\u00fbt 2012 au sanctuaire  Notre-Dame du Laus (dioc\u00e8se de Gap) d\u00e9di\u00e9 \u00e0\u00a0 la r\u00e9conciliation et au pardon (dioc\u00e8se de Gap et Embrun), sous la pr\u00e9sidence du cardinal Philippe Barbarin, archev\u00eaque de Lyon.<br \/>\nCette rencontre sera pr\u00e9c\u00e9d\u00e9e d&rsquo;une journ\u00e9e  Jeunes Mis\u00e9ricorde (18-25 ans), le vendredi 3 ao\u00fbt 2012, avec la participation du groupe Glorious.<br \/>\nTrois parcours seront propos\u00e9s sur le th\u00e8me : \u00ab Oser le d\u00e9fi de la r\u00e9conciliation \u00bb, avec la participation de soeur marie Simon Pierre, miracul\u00e9e de Jean-Paul II.<br \/>\nVous trouverez des informations compl\u00e9mentaires avec les conditions d&rsquo;inscription sur le site: [http:\/\/www.congresmisericordefrance.catholique.fr\/spip.php?article136->http:\/\/www.congresmisericordefrance.catholique.fr\/spip.php?article136]<br \/>\nInformations &#8211; Inscriptions : misericordefr@yahoo.fr<\/div>\n<div align=\"justify\">Dimanche 15 avril 2012, l&rsquo;Eglise f\u00eate le Dimanche de la Mis\u00e9ricorde Divine. <\/p>\n<div align=\"center\"><img decoding=\"async\" src=\"\/IMG\/jpg\/Misericorde.jpg\n\" width=500><\/div>\n<p>\nDeux Congr\u00e8s mondiaux de la Mis\u00e9ricorde Divine ont eu lieu en avril 2008 \u00e0 Rome et en octobre 2011 \u00e0 Lagiewniki-Cracovie. Depuis 2008, une cinquantaine de Congr\u00e8s continentaux et nationaux se sont d\u00e9roul\u00e9s.<br \/>\nEn France, le premier Congr\u00e8s, en octobre 2008, \u00e0 Lyon avait pour th\u00e8me Mis\u00e9ricorde approches pastorales et interreligieuses. Le deuxi\u00e8me, en f\u00e9vrier 2010, \u00e0 Lisieux, sur le th\u00e8me Mis\u00e9ricorde, osons la confiance  a rassembl\u00e9 plus de 1000 personnes.  <\/p>\n<p> Ces congr\u00e8s nationaux permettent de faire grandir la communion entre divers Congr\u00e9gations, Associations, Mouvements d\u00e9di\u00e9s \u00e0 la Mis\u00e9ricorde et aux congressistes de d\u00e9couvrir comment la Mis\u00e9ricorde est annonc\u00e9e et v\u00e9cue de multiples mani\u00e8res en France.<\/p>\n<p> Les samedi 4 et dimanche 5 ao\u00fbt 2012, le 3e Congr\u00e8s national de la Mis\u00e9ricorde se d\u00e9roulera au Sanctuaire marial de Notre Dame du Laus, d\u00e9di\u00e9 depuis le 17e si\u00e8cle \u00e0 la r\u00e9conciliation et au pardon (dioc\u00e8se de Gap et Embrun), \u00e0 12 kms au sud-est de Gap).<br \/>\n Au programme:<\/p>\n<p>&#8211; D\u00e9couverte du Sanctuaire et du message de Mis\u00e9ricorde de Notre Dame \u00e0 Beno \u00eete,<\/p>\n<div align=\"center\"><img decoding=\"async\" src=\"\/IMG\/jpg\/Benoite.jpg\" width=350><\/div>\n<div align=\"center\">Benoite Rencurel, la berg\u00e8re du Laus<\/div>\n<p>&#8211; Conf\u00e9rence du Cardinal Philippe Barbarin<br \/>\nAvec Marie, M\u00e8re de Mis\u00e9ricorde, vivre la r\u00e9conciliation <\/p>\n<p>&#8211; Conf\u00e9rence de Mgr Renato Boccardo, archev\u00eaque de Spoleto-Nurcie<br \/>\nAvec Marie, Reine des Ap\u00f4tres, \u00eatre t\u00e9moin de Mis\u00e9ricorde<\/p>\n<p>&#8211; Trois parcours interactifs Oser le d\u00e9fi de la r\u00e9conciliation<br \/>\n * dans le monde professionnel (Mgr J.M. di Falco, \u00e9v\u00eaque de Gap et d&rsquo;Embrun)<br \/>\n * au sein de la famille (Cardinal Ph. Barbarin, archev\u00eaque de Lyon)<br \/>\n * dans les situations de souffrances (Mgr A.M. de Monl\u00e9on, \u00e9v\u00eaque de Meaux)<\/p>\n<p>&#8211; Veill\u00e9e mariale avec le t\u00e9moignage de Soeur Marie Simon Pierre, Petite Soeur des Maternit\u00e9s Catholiques, gu\u00e9rie par l&rsquo;intercession de Jean-Paul II.<\/p>\n<p>&#8211; Visite des stands pr\u00e9sentant les divers Congr\u00e9gations, Associations, Mouvements d\u00e9di\u00e9s \u00e0 la Mis\u00e9ricorde.<\/p>\n<p>&#8211; Animation musicale assur\u00e9e par GLORIOUS.<\/p>\n<div align=\"center\"><img decoding=\"async\" src=\"\/IMG\/jpg\/GLORIOUS1-2.jpg\" width=350><\/div>\n<div align=\"center\"><img decoding=\"async\" src=\"\/IMG\/jpg\/GLORIOUS1-3.jpg\" width=350><\/div>\n<p>&#8211; Informations-Inscriptions :  misericordefr@yahoo.fr<br \/>\n Ev\u00each\u00e9 7, rue Notre-Dame 77100 Meaux <\/p>\n<div align=\"center\"><img decoding=\"async\" src=\"\/IMG\/jpg\/afficheMisericorde.jpg\" width=550><\/div>\n<\/div>\n","protected":false},"excerpt":{"rendered":"<p>A l&rsquo;occasion de la journ\u00e9e mondiale de la Mis\u00e9ricorde, c\u00e9l\u00e9br\u00e9e le dimanche 15 avril, vous trouverez ci-joint un communiqu\u00e9 de presse annon\u00e7ant le congr\u00e8s national de la Mis\u00e9ricorde qui se tiendra les samedi 4&#46;&#46;&#46;<\/p>\n","protected":false},"author":2,"featured_media":0,"comment_status":"open","ping_status":"open","sticky":false,"template":"","format":"standard","meta":{"footnotes":""},"categories":[],"tags":[],"class_list":["post-469","post","type-post","status-publish","format-standard","hentry"],"_links":{"self":[{"href":"https:\/\/www.chapelle-crecy.com\/index.php?rest_route=\/wp\/v2\/posts\/469","targetHints":{"allow":["GET"]}}],"collection":[{"href":"https:\/\/www.chapelle-crecy.com\/index.php?rest_route=\/wp\/v2\/posts"}],"about":[{"href":"https:\/\/www.chapelle-crecy.com\/index.php?rest_route=\/wp\/v2\/types\/post"}],"author":[{"embeddable":true,"href":"https:\/\/www.chapelle-crecy.com\/index.php?rest_route=\/wp\/v2\/users\/2"}],"replies":[{"embeddable":true,"href":"https:\/\/www.chapelle-crecy.com\/index.php?rest_route=%2Fwp%2Fv2%2Fcomments&post=469"}],"version-history":[{"count":0,"href":"https:\/\/www.chapelle-crecy.com\/index.php?rest_route=\/wp\/v2\/posts\/469\/revisions"}],"wp:attachment":[{"href":"https:\/\/www.chapelle-crecy.com\/index.php?rest_route=%2Fwp%2Fv2%2Fmedia&parent=469"}],"wp:term":[{"taxonomy":"category","embeddable":true,"href":"https:\/\/www.chapelle-crecy.com\/index.php?rest_route=%2Fwp%2Fv2%2Fcategories&post=469"},{"taxonomy":"post_tag","embeddable":true,"href":"https:\/\/www.chapelle-crecy.com\/index.php?rest_route=%2Fwp%2Fv2%2Ftags&post=469"}],"curies":[{"name":"wp","href":"https:\/\/api.w.org\/{rel}","templated":true}]}}