{"id":486,"date":"2012-05-24T11:55:45","date_gmt":"2012-05-24T11:55:45","guid":{"rendered":""},"modified":"-0001-11-30T00:00:00","modified_gmt":"-0001-11-29T22:00:00","slug":"","status":"publish","type":"post","link":"https:\/\/www.chapelle-crecy.com\/?p=486","title":{"rendered":"Festival Th\u00e9atre \u00e0\u00a0 Couilly-Pont-aux-Dames du 6 au 10 juin 2012"},"content":{"rendered":"<div align=\"justify\">Peut-\u00eatre, estimez-vous, comme moi, que le th\u00e9atre n&rsquo;est pas assez \u00ab\u00a0d\u00e9mocratis\u00e9\u00a0\u00bb, qu&rsquo;il n&rsquo;est pas toujours accessible au grand public? L&rsquo;association l&rsquo;Entr&rsquo;aide (que vous connaissez bien maintenant, suite au dernier concert du 29 avril, entre autre, qu&rsquo;elle a organis\u00e9 \u00e0\u00a0 la Coll\u00e9giale) ne l&rsquo;entend pas de cette oreille. (voir l&rsquo;article sur ce m\u00eame site [http:\/\/www.chapelle-crecy.com\/Concert \u00e0\u00a0 la Coll\u00e9giale de r\u00e9cy->http:\/\/www.chapelle-crecy.com\/spip.php?article406]).<br \/>\nAlors, si vous aimez le th\u00e9atre, vous appr\u00e9cierez cette initiative sans pr\u00e9c\u00e9dent, ici, chez nous, \u00e0\u00a0 Couilly-Pont-aux-Dames: l&rsquo;Entr&rsquo;aide organise le festival Th\u00e9 tre qui se tiendra du 6 au 10 juin, salle polyvalente Robert Vallin de Couilly. Les jours et horaires des diverses repr\u00e9sentations sont d\u00e9taill\u00e9s dans la suite de cet article. \u00ab\u00a0Quatre pi\u00e8ces diff\u00e9rentes seront interpr\u00e9t\u00e9es, chacune correspondant au travail d&rsquo;un des groupes qui compose l&rsquo;Atelier \u00ab Th\u00e9 tre \u00bb. Elles sont l&rsquo;aboutissement d&rsquo;un travail soutenu pendant un an,\u00a0\u00bb nous pr\u00e9cise Jean Migette, pr\u00e9sident de l&rsquo;Entr&rsquo;aide.<\/div>\n<div align=\"justify\">\n<div align=\"center\"><img decoding=\"async\" src=\"\/IMG\/jpg\/affiche-theatre.jpg\n\" width=500><\/div>\n<p>\n Au programme<br \/>\n 6 juin 2012 \u00e0 20h<br \/>\n 9 juin 2012 \u00e0 14h30<span style=\"color: blue;\"><\/span><br \/>\n <span style=\"color: blue;\">\u00ab Le ch\u00e2teau des Webchester \u00bb<\/span><br \/>\n Pi\u00e8ce et mise en sc\u00e8ne de La\u00ebtitia FLOSI<\/p>\n<p> Les vampires sont bien malheureux depuis qu&rsquo;il n&rsquo;y a presque plus d&rsquo;Hommes sur terre et la famine se fait sentir. Ce jour-l\u00e0, ils \u00e9lisent domicile au ch\u00e2teau des Webchester et esp\u00e8rent pouvoir se nourrir du sang des derniers \u00eatres humains. Contre toute attente, rien ne se passe comme pr\u00e9vu\u00e2\u20ac\u00a6<\/p>\n<p> 8 juin 2012 \u00e0 20h30<br \/>\n 9 juin 2012 \u00e0 20h<br \/>\n <span style=\"color: orange;\">\u00ab Les quatre saisons \u00bb<\/span><br \/>\n Pi\u00e8ce de La\u00ebtitia FLOSI et Marika MIGETTE<br \/>\n Mise en sc\u00e8ne de La\u00ebtitia FLOSI<\/p>\n<p> Un parc\u00e2\u20ac\u00a6L&rsquo;amour en toile de fond\u00e2\u20ac\u00a6 Des vies qui se croisent, des destins qui s&rsquo;entrem\u00ealent au fil du temps. Onze personnages vont apprendre \u00e0 se conna \u00eetre, s&rsquo;accepter et peut-\u00eatre s&rsquo;aimer au cours d&rsquo;une ann\u00e9e solaire. D&rsquo;accords en d\u00e9saccords, de non-dits en incompr\u00e9hensions et finalement de petites douceurs en grands bonheurs. La vie tout simplement&#8230;<\/p>\n<p> 10 juin 2012 \u00e0 15h<br \/>\n <span style=\"color: red;\">\u00ab De l&rsquo;autre c\u00f4t\u00e9 \u00bb<\/span><br \/>\n Pi\u00e8ce et mise en sc\u00e8ne de La\u00ebtitia FLOSI <\/p>\n<p> Sam est chez lui et pr\u00e9voit de sortir au cin\u00e9ma avec ses amis. Il d\u00e9couvre alors une \u00e9trange armoire apparemment l\u00e9gu\u00e9e par son oncle Jean. Que peut-il y avoir de l&rsquo;autre c\u00f4t\u00e9 ? Sam et ses amis vont \u00ab\u00a0revisiter\u00a0\u00bb l&rsquo;Histoire.<\/p>\n<p> 9 juin 2012 \u00e0 16h<br \/>\n 10 juin 2012 \u00e0 17h<br \/>\n <span style=\"color: green;\">\u00ab Mort \u00e0 l&rsquo;arriv\u00e9e \u00bb<\/span><br \/>\n Pi\u00e8ce de La\u00ebtitia FLOSI et Marika MIGETTE<br \/>\n Mise en sc\u00e8ne de La\u00ebtitia FLOSI<\/p>\n<p> Un meurtre a lieu dans la demeure de la famille Cross. Tous sont r\u00e9unis dans le grand salon en attendant que l&rsquo;\u00e9nigme soit r\u00e9solue. Jeff Alexander et son assistante Elie Bradford vont tout mettre en oeuvre pour d\u00e9couvrir le coupable. Or, les apparences sont parfois trompeuses\u00e2\u20ac\u00a6<\/p>\n<p> Entr\u00e9e libre, libre participation.\n<\/p><\/div>\n","protected":false},"excerpt":{"rendered":"<p>Peut-\u00eatre, estimez-vous, comme moi, que le th\u00e9atre n&rsquo;est pas assez \u00ab\u00a0d\u00e9mocratis\u00e9\u00a0\u00bb, qu&rsquo;il n&rsquo;est pas toujours accessible au grand public? L&rsquo;association l&rsquo;Entr&rsquo;aide (que vous connaissez bien maintenant, suite au dernier concert du 29 avril, entre&#46;&#46;&#46;<\/p>\n","protected":false},"author":2,"featured_media":0,"comment_status":"open","ping_status":"open","sticky":false,"template":"","format":"standard","meta":{"footnotes":""},"categories":[],"tags":[],"class_list":["post-486","post","type-post","status-publish","format-standard","hentry"],"_links":{"self":[{"href":"https:\/\/www.chapelle-crecy.com\/index.php?rest_route=\/wp\/v2\/posts\/486","targetHints":{"allow":["GET"]}}],"collection":[{"href":"https:\/\/www.chapelle-crecy.com\/index.php?rest_route=\/wp\/v2\/posts"}],"about":[{"href":"https:\/\/www.chapelle-crecy.com\/index.php?rest_route=\/wp\/v2\/types\/post"}],"author":[{"embeddable":true,"href":"https:\/\/www.chapelle-crecy.com\/index.php?rest_route=\/wp\/v2\/users\/2"}],"replies":[{"embeddable":true,"href":"https:\/\/www.chapelle-crecy.com\/index.php?rest_route=%2Fwp%2Fv2%2Fcomments&post=486"}],"version-history":[{"count":0,"href":"https:\/\/www.chapelle-crecy.com\/index.php?rest_route=\/wp\/v2\/posts\/486\/revisions"}],"wp:attachment":[{"href":"https:\/\/www.chapelle-crecy.com\/index.php?rest_route=%2Fwp%2Fv2%2Fmedia&parent=486"}],"wp:term":[{"taxonomy":"category","embeddable":true,"href":"https:\/\/www.chapelle-crecy.com\/index.php?rest_route=%2Fwp%2Fv2%2Fcategories&post=486"},{"taxonomy":"post_tag","embeddable":true,"href":"https:\/\/www.chapelle-crecy.com\/index.php?rest_route=%2Fwp%2Fv2%2Ftags&post=486"}],"curies":[{"name":"wp","href":"https:\/\/api.w.org\/{rel}","templated":true}]}}