{"id":572,"date":"2013-01-13T01:36:04","date_gmt":"2013-01-13T01:36:04","guid":{"rendered":""},"modified":"-0001-11-30T00:00:00","modified_gmt":"-0001-11-29T22:00:00","slug":"","status":"publish","type":"post","link":"https:\/\/www.chapelle-crecy.com\/?p=572","title":{"rendered":"Mariage pour tous le poids des mots"},"content":{"rendered":"<div align=\"justify\">Plus le sujet est s\u00e9rieux, plus il est grave de cons\u00e9quences, plus s&rsquo;observe la tentation d&rsquo;euph\u00e9miser le vocabulaire. <span style=\"color: rgb(55, 112, 198);\">\u00ab\u00a0Mourir dans la dignit\u00e9\u00a0\u00bb<\/span> devient ainsi une revendication plus d\u00e9fendable que le droit \u00e0\u00a0 <span style=\"color: rgb(55, 112, 198);\">l&rsquo;euthanasie<\/span>; le concept des <span style=\"color: red;\">\u00ab\u00a0m\u00e8res porteuses\u00a0\u00bb<\/span> se trouve remplac\u00e9 par la <span style=\"color: red;\">\u00ab\u00a0gestation pour autrui\u00a0\u00bb<\/span>, de consonance plus g\u00e9n\u00e9reuse. Et voil\u00e0\u00a0 que le <span style=\"color: rgb(255, 153, 255);\">\u00ab\u00a0mariage homosexuel\u00a0\u00bb<\/span> se pr\u00e9sente aujourd&rsquo;hui sous le label de <span style=\"color: rgb(255, 153, 255);\">\u00ab\u00a0mariage pour tous\u00a0\u00bb<\/span>. Dominique Quiniou du journal \u00ab\u00a0LA CROIX\u00a0\u00bb invite donc chacun de nous \u00e0\u00a0 \u00eatre vigilant dans le choix des mots lorsque nous traitons de sujets sensibles comme celui tr\u00e8s actuel du Mariage dit pour Tous. Voici quelques derni\u00e8res consignes avant la grande manifestation du 13 janvier \u00e0\u00a0 Paris.<\/p>\n<p>De plus, par souci d&rsquo;information sur les positions des uns et des autres dans l&rsquo;Eglise, au sujet du \u00ab Mariage pour tous \u00bb, Pierre Thion nous demande de publier le texte ci-apr\u00e8s :<br \/>\n\u00ab M\u00eame si beaucoup d&rsquo;\u00e9v\u00eaques soutiennent la manifestation du 13 janvier prochain contre le projet de loi sur le \u00ab mariage pour tous \u00bb, il ne faut pas penser que tous les catholiques sont d&rsquo;accord avec eux.<br \/>\nPour leur part, les chr\u00e9tiens de l&rsquo;association Partenia 77 ne se retrouvent pas dans certaines r\u00e9actions \u00e9piscopales, et d\u00e9noncent le manque de dialogue pr\u00e9alable dans l&rsquo;Eglise \u00bb. PARTENIA 77\n<\/p><\/div>\n<p>C\u00f4t\u00e9 pratique:<br \/>\n Pour vous rendre \u00e0 Paris, si vous souhaitez rejoindre le cort\u00e8ge des manifestants, nous vous invitons \u00e0 prendre les transports en commun.<br \/>\n&#8211; Il reste encore des places libres pour les cars au d\u00e9part de Coulommiers \u00e0 10h30 et Cr\u00e9cy-la-Chapelle \u00e0 11h00 pr\u00e9cises. Retour pr\u00e9vu \u00e0 19h30 \u00e0 Cr\u00e9cy et 20h00 \u00e0 Coulommiers.<br \/>\n Contacter Jo\u00ebl Lahaille au 06 52 28 28 02<br \/>\n&#8211; Un autre car part devant l&rsquo;Intermarch\u00e9 de Fontenay-Tr\u00e9signy \u00e0 11h00.<br \/>\n Contacter Charles morel au 06 08 47 45 73<\/p>\n<p> Des trains partent depuis Meaux toutes les demi-heures. Les horaires int\u00e9ressants \u00e0 Esbly sont: 11h25 &#8211; 11h55 &#8211; 12h25<\/p>\n<p> Pour d&rsquo;autres informations plus compl\u00e8tes sur la manifestation elle-m\u00eame, son d\u00e9roulement, les enjeux, connectez-vous sur le site: [www.lamanifpourtous.fr->www.lamanifpourtous.fr]<\/p>\n<p> C\u00f4t\u00e9 spirituel:<br \/>\n L&rsquo;enjeu de ce d\u00e9bat soci\u00e9tal est \u00e9norme. 18000 signatures de maires et adjoints ont sign\u00e9 l&rsquo;Appel \u00ab\u00a0Prot\u00e9geons l&rsquo;enfance\u00a0\u00bb des \u00e9lus oppos\u00e9s au projet de loi Taubira. Pour ceux qui le souhaitent, il est encore possible de signer sur le site internet du collectif: [www.mairespourlenfance.fr->www.mairespourlenfance.fr]<br \/>\n Car, le mariage homosexuel, c&rsquo;est la remise en cause d&rsquo;un fondement de la vie en soci\u00e9t\u00e9. La question fondamentale de l&rsquo;int\u00e9r\u00eat de l&rsquo;enfant est \u00e9galement en jeu si le projet de loi Taubira est adopt\u00e9. Tous les risques sont \u00e9num\u00e9r\u00e9s dans la synth\u00e8se que Jean-Bernard Buisset, de passage \u00e0 Cr\u00e9cy. nous propose aujourd&rsquo;hui. C&rsquo;est la meilleure qu&rsquo;il n&rsquo;a jamais lue \u00e0 ce jour sur le sujet et qu&rsquo;il est tr\u00e8s heureux de nous faire partager. Ce document exceptionnel que vous trouverez en pi\u00e8ce jointe est sign\u00e9 par Bertrand VERGELY, professeur \u00e0 sciences-Po.<br \/>\n M\u00eame si cette mobilisation de citoyens est apolitique et aconfessionnelle, sur ce site paroissial, nous vous proposons, si vous \u00eates croyants, de vous joindre \u00e0 nous par la pri\u00e8re pour que la France sorte grandie et apais\u00e9e de cette crise soci\u00e9tale majeure. Pour cela, vous pouvez cliquer sur le lien souvent:<br \/>\n [www.tousenpriere.com->www.tousenpriere.com]<\/p>\n<div align=\"center\"><img decoding=\"async\" src=\"\/IMG\/jpg\/ames.jpg\" width=400><\/div>\n<div align=\"center\"><img decoding=\"async\" src=\"\/IMG\/jpg\/silencieux.jpg\" width=400><\/div>\n<div align=\"center\"><img decoding=\"async\" src=\"\/IMG\/jpg\/tousenpriere.jpg\" width=400><\/div>\n","protected":false},"excerpt":{"rendered":"<p>Plus le sujet est s\u00e9rieux, plus il est grave de cons\u00e9quences, plus s&rsquo;observe la tentation d&rsquo;euph\u00e9miser le vocabulaire. \u00ab\u00a0Mourir dans la dignit\u00e9\u00a0\u00bb devient ainsi une revendication plus d\u00e9fendable que le droit \u00e0\u00a0 l&rsquo;euthanasie; le&#46;&#46;&#46;<\/p>\n","protected":false},"author":2,"featured_media":0,"comment_status":"open","ping_status":"open","sticky":false,"template":"","format":"standard","meta":{"footnotes":""},"categories":[],"tags":[],"class_list":["post-572","post","type-post","status-publish","format-standard","hentry"],"_links":{"self":[{"href":"https:\/\/www.chapelle-crecy.com\/index.php?rest_route=\/wp\/v2\/posts\/572","targetHints":{"allow":["GET"]}}],"collection":[{"href":"https:\/\/www.chapelle-crecy.com\/index.php?rest_route=\/wp\/v2\/posts"}],"about":[{"href":"https:\/\/www.chapelle-crecy.com\/index.php?rest_route=\/wp\/v2\/types\/post"}],"author":[{"embeddable":true,"href":"https:\/\/www.chapelle-crecy.com\/index.php?rest_route=\/wp\/v2\/users\/2"}],"replies":[{"embeddable":true,"href":"https:\/\/www.chapelle-crecy.com\/index.php?rest_route=%2Fwp%2Fv2%2Fcomments&post=572"}],"version-history":[{"count":0,"href":"https:\/\/www.chapelle-crecy.com\/index.php?rest_route=\/wp\/v2\/posts\/572\/revisions"}],"wp:attachment":[{"href":"https:\/\/www.chapelle-crecy.com\/index.php?rest_route=%2Fwp%2Fv2%2Fmedia&parent=572"}],"wp:term":[{"taxonomy":"category","embeddable":true,"href":"https:\/\/www.chapelle-crecy.com\/index.php?rest_route=%2Fwp%2Fv2%2Fcategories&post=572"},{"taxonomy":"post_tag","embeddable":true,"href":"https:\/\/www.chapelle-crecy.com\/index.php?rest_route=%2Fwp%2Fv2%2Ftags&post=572"}],"curies":[{"name":"wp","href":"https:\/\/api.w.org\/{rel}","templated":true}]}}