{"id":575,"date":"2013-01-26T09:59:43","date_gmt":"2013-01-26T09:59:43","guid":{"rendered":""},"modified":"-0001-11-30T00:00:00","modified_gmt":"-0001-11-29T22:00:00","slug":"","status":"publish","type":"post","link":"https:\/\/www.chapelle-crecy.com\/?p=575","title":{"rendered":"Annonces de la semaine du 28 janvier au 3 f\u00e9vrier 2013"},"content":{"rendered":"<table bgcolor =\"F0FAFF\" border=0>\n<tbody>\n<tr>\n<td>\n<div align=\"justify\">\n<div \"511\">Voici les annonces de la semaine du lundi 28 janvier au dimanche 3 f\u00e9vrier 2013 pour la paroisse des 3 clochers Cr\u00e9cy-la-Chapelle, Villiers-sur-Morin, Voulangis.<br \/>\nSamedi 2 \u00e0\u00a0 18h30 : messe \u00e0\u00a0 Villiers &#8211; Dimanche 3 \u00e0\u00a0 10h30 messe \u00e0\u00a0 Cr\u00e9cy &#8211; Tous les d\u00e9tails dans la suite &#8230; <\/div>\n<\/div>\n<\/td>\n<\/tr>\n<\/tbody>\n<\/table>\n<table bgcolor =\"F0FAFF\" border=0>\n<tbody>\n<tr>\n<td width=\"20%\"><font color=\"00CC00\">Lundi 28 janvier<br \/><i>Saint Thomas d&rsquo;Aquin<\/i><\/font><\/td>\n<td><font color=\"00CC00\">17 h  Messe \u00e0 la Maison de Retraite.<\/font><\/td>\n<td><font color=\"00CC00\"><\/p>\n<div align=\"center\"><img decoding=\"async\" src=\"\/IMG\/jpg\/MR_Crecy.jpg\" width=150><\/div>\n<p><\/font><\/td>\n<\/tr>\n<tr>\n<td><font color=\"B02020\">Mardi 29 janvier<font><\/td>\n<td><font color=\"B02020\"><\/p>\n<div align=\"center\"><img decoding=\"async\" src=\"\/IMG\/gif\/lumiere_65.gif\"><\/div>\n<p><\/font><\/td>\n<td><font color=\"B02020\">18 h  Messe \u00e0 Cr\u00e9cy pour Etiennette DUCOURTHIAL et Michel LEROUX.<font><\/td>\n<\/tr>\n<tr>\n<td><font color=\"0020FF\">Mercredi 30 janvier<br \/><i>Sainte Bathilde<\/i><font><\/td>\n<td><font color=\"0020FF\">9 h &#8211; Messe \u00e0 Cr\u00e9cy pour Claude LABE et Claude GONTHIER.<font><\/td>\n<td><font color=\"0020FF\"><\/p>\n<div align=\"center\"><img decoding=\"async\" src=\"\/IMG\/gif\/cross.gif\"><\/div>\n<p><\/font><\/td>\n<\/tr>\n<tr>\n<td><font color=\"00CC00\">Jeudi 31 janvier<br \/><i>Saint Jean Bosco<\/i><font><\/td>\n<td><font color=\"00CC00\"><\/p>\n<div align=\"center\"><img decoding=\"async\" src=\"\/IMG\/gif\/coupes004.gif\"><\/div>\n<p><font><\/td>\n<td><font color=\"00CC00\">18 h &#8211; Messe \u00e0 Cr\u00e9cy pour Denis et Estelle HUYGHE.<\/font><\/td>\n<\/tr>\n<tr>\n<td><font color=\"B02020\">Vendredi 1er f\u00e9vrier<font><\/td>\n<td><font color=\"B02020\">9h &#8211; Messe \u00e0 Cr\u00e9cy pour Pierre LOUIS et Lucien GORRET.<\/p>\n<p><\/font><\/td>\n<td><font color=\"00CC00\">de 9 h 30 \u00e0 10 h 30  Adoration du St Sacrement \u00e0 la chapelle de la Vierge.<font><\/td>\n<\/tr>\n<tr>\n<td><font color=\"0020FF\">Samedi 2 f\u00e9vrier<br \/><i>Pr\u00e9sentation du seigneur<\/i><\/font><\/td>\n<td><font color=\"0020FF\">de 10 h 30 \u00e0 12 h  R\u00e9union des Jeunes T\u00e9moins, du MEJ, \u00e0 la salle paroissiale.<\/font><\/td>\n<td><font color=\"0020FF\">18 h 30 &#8211; Messe \u00e0 Villiers pour Ghislaine DEBRABANDER et Claudine AVANZINI.<font><\/td>\n<\/tr>\n<tr>\n<td><font color=\"00CC00\">Dimanche 3 f\u00e9vrier<font><\/td>\n<td><font color=\"00CC00\">10 h 30  Messe \u00e0 Cr\u00e9cy pour Ir\u00e8ne BRETON et Fabrice GAUTHIER.<\/font><\/td>\n<td><font color=\"00CC00\"><\/p>\n<div align=\"center\"><img decoding=\"async\" src=\"\/IMG\/lieux\/stgeorges04.jpg\" width=150><\/div>\n<p><\/font><\/td>\n<\/tr>\n<\/tbody>\n<\/table>\n","protected":false},"excerpt":{"rendered":"<p>Voici les annonces de la semaine du lundi 28 janvier au dimanche 3 f\u00e9vrier 2013 pour la paroisse des 3 clochers Cr\u00e9cy-la-Chapelle, Villiers-sur-Morin, Voulangis. Samedi 2 \u00e0\u00a0 18h30 : messe \u00e0\u00a0 Villiers &#8211; Dimanche&#46;&#46;&#46;<\/p>\n","protected":false},"author":2,"featured_media":0,"comment_status":"open","ping_status":"open","sticky":false,"template":"","format":"standard","meta":{"footnotes":""},"categories":[],"tags":[],"class_list":["post-575","post","type-post","status-publish","format-standard","hentry"],"_links":{"self":[{"href":"https:\/\/www.chapelle-crecy.com\/index.php?rest_route=\/wp\/v2\/posts\/575","targetHints":{"allow":["GET"]}}],"collection":[{"href":"https:\/\/www.chapelle-crecy.com\/index.php?rest_route=\/wp\/v2\/posts"}],"about":[{"href":"https:\/\/www.chapelle-crecy.com\/index.php?rest_route=\/wp\/v2\/types\/post"}],"author":[{"embeddable":true,"href":"https:\/\/www.chapelle-crecy.com\/index.php?rest_route=\/wp\/v2\/users\/2"}],"replies":[{"embeddable":true,"href":"https:\/\/www.chapelle-crecy.com\/index.php?rest_route=%2Fwp%2Fv2%2Fcomments&post=575"}],"version-history":[{"count":0,"href":"https:\/\/www.chapelle-crecy.com\/index.php?rest_route=\/wp\/v2\/posts\/575\/revisions"}],"wp:attachment":[{"href":"https:\/\/www.chapelle-crecy.com\/index.php?rest_route=%2Fwp%2Fv2%2Fmedia&parent=575"}],"wp:term":[{"taxonomy":"category","embeddable":true,"href":"https:\/\/www.chapelle-crecy.com\/index.php?rest_route=%2Fwp%2Fv2%2Fcategories&post=575"},{"taxonomy":"post_tag","embeddable":true,"href":"https:\/\/www.chapelle-crecy.com\/index.php?rest_route=%2Fwp%2Fv2%2Ftags&post=575"}],"curies":[{"name":"wp","href":"https:\/\/api.w.org\/{rel}","templated":true}]}}