{"id":581,"date":"2013-02-09T19:01:07","date_gmt":"2013-02-09T19:01:07","guid":{"rendered":""},"modified":"-0001-11-30T00:00:00","modified_gmt":"-0001-11-29T22:00:00","slug":"","status":"publish","type":"post","link":"https:\/\/www.chapelle-crecy.com\/?p=581","title":{"rendered":"Annonces de la semaine du 11 au 17 f\u00e9vrier 2013"},"content":{"rendered":"<table bgcolor =\"F0FAFF\" border=0>\n<tbody>\n<tr>\n<td>\n<div align=\"justify\">\n<div \"518\">Voici les annonces de la semaine du lundi 11 au dimanche 17 f\u00e9vrier 2013 pour la paroisse des 3 clochers Cr\u00e9cy-la-Chapelle, Villiers-sur-Morin, Voulangis.<br \/>\nSamedi 16 \u00e0\u00a0 18h30 : messe \u00e0\u00a0 Villiers &#8211; Dimanche 17 \u00e0\u00a0 10h30 messe \u00e0\u00a0 Cr\u00e9cy &#8211; Tous les d\u00e9tails dans la suite &#8230; <\/div>\n<\/div>\n<\/td>\n<\/tr>\n<\/tbody>\n<\/table>\n<table bgcolor =\"F0FAFF\" border=0>\n<tbody>\n<tr>\n<td width=\"20%\"><font color=\"00CC00\">Lundi 11 f\u00e9vrier<br \/><i>Notre-Dame de Lourdes<\/i><\/font><\/td>\n<td><font color=\"00CC00\"><\/p>\n<div align=\"center\"><img decoding=\"async\" src=\"\/IMG\/lieux\/lourdes07.jpg\" width=150><\/div>\n<p><\/font><\/td>\n<td><font color=\"00CC00\">17 h  Messe \u00e0 la Maison de Retraite avec Sacrement des Malades.<\/font><\/td>\n<\/tr>\n<tr>\n<td><font color=\"B02020\">Mardi 12 f\u00e9vrier<\/font><\/td>\n<td><font color=\"B02020\">9 h  Messe \u00e0 Cr\u00e9cy pour Marie-France BUET et William DESJARDINS.<\/font><\/td>\n<td><font color=\"B02020\"><\/p>\n<div align=\"center\"><img decoding=\"async\" src=\"\/IMG\/gif\/lumiere_65.gif\"><\/div>\n<p><\/font><\/td>\n<\/tr>\n<tr>\n<td><font color=\"0020FF\">Mercredi 13 f\u00e9vrier<br \/><i>Mercredi des Cendres<\/i><\/font><\/td>\n<td><font color=\"0020FF\">19 h 15 &#8211; \u00ab Soupe de Car\u00eame \u00bb \u00e0 la salle paroissiale.<br \/>Compte-rendu de l&rsquo;activit\u00e9 de Car\u00eame 2012.<br \/>\nPr\u00e9sentation du  projet pour le Car\u00eame 2013.<br \/>\n<\/font><\/td>\n<td><font color=\"0020FF\">20 h 30 &#8211; Messe des Cendres.<\/font><\/td>\n<\/tr>\n<tr>\n<td><font color=\"00CC00\">Jeudi 14 f\u00e9vrier<\/font><\/td>\n<td><font color=\"00CC00\"><\/p>\n<div align=\"center\"><img decoding=\"async\" src=\"\/IMG\/gif\/coupes002.gif\"><\/div>\n<p><\/font><\/td>\n<td><font color=\"00CC00\">18 h &#8211; Messe \u00e0 Cr\u00e9cy pour Nicole SCHAFFNER et Stanislas WALTER.<\/font><\/td>\n<\/tr>\n<tr>\n<td><font color=\"B02020\">Vendredi 15 f\u00e9vrier<\/font><\/td>\n<td><font color=\"B02020\">9h &#8211; Messe \u00e0 Cr\u00e9cy pour la famille THION-MUNIER et Josette ANTOINE.<br \/>\n<\/font><\/td>\n<td><font color=\"00CC00\"><\/p>\n<div align=\"center\"><img decoding=\"async\" src=\"\/IMG\/gif\/bibles004.gif\"><\/div>\n<p><\/font><\/td>\n<\/tr>\n<tr>\n<td><font color=\"0020FF\">Samedi 16 f\u00e9vrier<\/font><\/td>\n<td><font color=\"0020FF\"><\/p>\n<div align=\"center\"><img decoding=\"async\" src=\"\/IMG\/lieux\/villiers_eglise2.jpg\" width=150><\/div>\n<p><\/font><\/td>\n<td><font color=\"0020FF\">18 h 30  Messe \u00e0 Villiers pour les d\u00e9funts de la famille DEBIEF.<br \/>Nous prierons \u00e9galement pour Jean BEGUIN et Andr\u00e9 CORJON inhum\u00e9s la semaine pass\u00e9e.<\/font><\/td>\n<\/tr>\n<tr>\n<td><font color=\"00CC00\">Dimanche 17 f\u00e9vrier<br \/><i>1er dimanche de Car\u00eame<\/i><font><\/td>\n<td><font color=\"00CC00\">10 h 30  \u00ab Messe des  fianc\u00e9s \u00bb  Les fianc\u00e9s de cette ann\u00e9e,seront accueillis \u00e0 cette c\u00e9l\u00e9bration, \u00e0 laquelle sont \u00e9galement invit\u00e9s les mari\u00e9s des deux ann\u00e9es pr\u00e9c\u00e9dentes.<br \/>\n<\/font><\/td>\n<td><font color=\"00CC00\"><\/p>\n<div align=\"center\"><img decoding=\"async\" src=\"\/IMG\/lieux\/stgeorges10.jpg\" width=150><\/div>\n<p><\/font><\/td>\n<\/tr>\n<\/tbody>\n<\/table>\n<table bgcolor =\"F0FAFF\" border=0>\n<tbody>\n<tr>\n<td width=\"30%\"><font color=\"CC0000\"><br \/>\nCe dimanche 17,  \u00e0 Meaux : Appel d\u00e9cisif des cat\u00e9chum\u00e8nes \u00e0 16 h \u00e0 la Cath\u00e9drale.<\/font><\/td>\n<\/tr>\n<\/tbody>\n<\/table>\n","protected":false},"excerpt":{"rendered":"<p>Voici les annonces de la semaine du lundi 11 au dimanche 17 f\u00e9vrier 2013 pour la paroisse des 3 clochers Cr\u00e9cy-la-Chapelle, Villiers-sur-Morin, Voulangis. Samedi 16 \u00e0\u00a0 18h30 : messe \u00e0\u00a0 Villiers &#8211; Dimanche 17&#46;&#46;&#46;<\/p>\n","protected":false},"author":2,"featured_media":0,"comment_status":"open","ping_status":"open","sticky":false,"template":"","format":"standard","meta":{"footnotes":""},"categories":[],"tags":[],"class_list":["post-581","post","type-post","status-publish","format-standard","hentry"],"_links":{"self":[{"href":"https:\/\/www.chapelle-crecy.com\/index.php?rest_route=\/wp\/v2\/posts\/581","targetHints":{"allow":["GET"]}}],"collection":[{"href":"https:\/\/www.chapelle-crecy.com\/index.php?rest_route=\/wp\/v2\/posts"}],"about":[{"href":"https:\/\/www.chapelle-crecy.com\/index.php?rest_route=\/wp\/v2\/types\/post"}],"author":[{"embeddable":true,"href":"https:\/\/www.chapelle-crecy.com\/index.php?rest_route=\/wp\/v2\/users\/2"}],"replies":[{"embeddable":true,"href":"https:\/\/www.chapelle-crecy.com\/index.php?rest_route=%2Fwp%2Fv2%2Fcomments&post=581"}],"version-history":[{"count":0,"href":"https:\/\/www.chapelle-crecy.com\/index.php?rest_route=\/wp\/v2\/posts\/581\/revisions"}],"wp:attachment":[{"href":"https:\/\/www.chapelle-crecy.com\/index.php?rest_route=%2Fwp%2Fv2%2Fmedia&parent=581"}],"wp:term":[{"taxonomy":"category","embeddable":true,"href":"https:\/\/www.chapelle-crecy.com\/index.php?rest_route=%2Fwp%2Fv2%2Fcategories&post=581"},{"taxonomy":"post_tag","embeddable":true,"href":"https:\/\/www.chapelle-crecy.com\/index.php?rest_route=%2Fwp%2Fv2%2Ftags&post=581"}],"curies":[{"name":"wp","href":"https:\/\/api.w.org\/{rel}","templated":true}]}}