{"id":582,"date":"2013-02-13T18:20:35","date_gmt":"2013-02-13T18:20:35","guid":{"rendered":""},"modified":"-0001-11-30T00:00:00","modified_gmt":"-0001-11-29T22:00:00","slug":"","status":"publish","type":"post","link":"https:\/\/www.chapelle-crecy.com\/?p=582","title":{"rendered":"CAREME 2013: Laissez-vous r\u00e9concilier avec DIEU (2Co 5-20)"},"content":{"rendered":"<div align=\"justify\">\n<div align=\"center\"><span style=\"color: rgb(102, 51, 255);\"><br \/>\nLe Car\u00eame, qu&rsquo;est-ce que c&rsquo;est?<\/span><\/div>\n<p>On a souvent tendance \u00e0\u00a0 le r\u00e9sumer par la formule des 3 \u00ab\u00a0P\u00a0\u00bb:<br \/>\n&#8211; <span style=\"color: rgb(102, 51, 255);\">P<\/span>ri\u00e8re;<br \/>\n&#8211; <span style=\"color: rgb(102, 51, 255);\">P<\/span>artage, nomm\u00e9e aussi charit\u00e9 ou aum ne;<br \/>\n&#8211; <span style=\"color: rgb(102, 51, 255);\">P<\/span>\u00e9nitence, nomm\u00e9e aussi abstinence ou je\u00fbne.<br \/>\nComme nous le rappelle l&rsquo;Evangile de ce jour, le car\u00eame est un don, une gr ce de notre P\u00e8re du Ciel, qui nous invite \u00e0\u00a0 la Privation pour Partager avec les plus pauvres d&rsquo;entre nos fr\u00e8res, mais aussi pour nous d\u00e9pouiller du superflux de notre quotidien. En effet, quittons tout ce qui encombre notre vie pour aller \u00e0\u00a0 l&rsquo;essentiel. Car notre seule richesse, Celui vers qui nous d\u00e9sirons aller de tout notre coeur, c&rsquo;est le Christ. Alors, contrairement \u00e0\u00a0 une id\u00e9e re\u00e7ue, le car\u00eame n&rsquo;est pas une p\u00e9riode triste, aust\u00e8re. Nous devons avoir le coeur en joie de pouvoir entrer librement dans ces 40 jours qui nous sont propos\u00e9s par le temps liturgique. Soyons heureux de cette p\u00e9riode favorable qui nous est offerte pour nous pr\u00e9parer tout particuli\u00e8rement \u00e0\u00a0 accueillir notre Sauveur, le Christ Vivant, au matin de P\u00e2ques.<br \/>\nDans la suite de cet article, nous continuons \u00e0\u00a0 cheminer avec notre cur\u00e9 de P\u00f4le, le P\u00e8re Philippe Legrand, avec l&rsquo;\u00e9vangile de Saint Luc qui nous accompagne tout le long de cette ann\u00e9e liturgique. Et en ce car\u00eame, nous est offerte une des plus belles pages de cet \u00e9vangile: le chapitre 15, <span style=\"color: rgb(102, 51, 255);\"><br \/>\nles paraboles de la Mis\u00e9ricorde<\/span>. J\u00e9sus r\u00e9pond aux critiques et aux rumeurs des \u00ab\u00a0bien pensants\u00a0\u00bb lui reprochant d&rsquo;aller vers les pauvres et les p\u00e9cheurs&#8230;<\/div>\n<div align=\"justify\">\n Evangile de Luc 15<br \/>\n<span style=\"font-weight: bold; color: rgb(51, 51, 255);\">15.1<\/span><br \/>\nTous les publicains et les gens de mauvaise vie s&rsquo;approchaient de J\u00e9sus<br \/>\npour l&rsquo;entendre. <br \/>\n<span style=\"color: rgb(51, 51, 255); font-weight: bold;\">15.2<\/span><br \/>\nEt les pharisiens et les scribes murmuraient, disant: Cet homme<br \/>\naccueille des gens de mauvaise vie, et mange avec eux. <br \/>\n<span style=\"color: rgb(51, 51, 255); font-weight: bold;\">15.3<\/span><br \/>\nMais il leur dit cette parabole: <br \/>\n<span style=\"color: rgb(51, 51, 255); font-weight: bold;\">15.4<\/span><br \/>\nQuel homme d&rsquo;entre vous, s&rsquo;il a cent brebis, et qu&rsquo;il en perde une, ne<br \/>\nlaisse les quatre-vingt-dix-neuf autres dans le d\u00e9sert pour aller apr\u00e8s<br \/>\ncelle qui est perdue, jusqu&rsquo;\u00e0 ce qu&rsquo;il la retrouve? <br \/>\n<span style=\"color: rgb(51, 51, 255); font-weight: bold;\">15.5<\/span><br \/>\nLorsqu&rsquo;il l&rsquo;a retrouv\u00e9e, il la met avec joie sur ses \u00e9paules, <br \/>\n<span style=\"color: rgb(51, 51, 255); font-weight: bold;\">15.6<\/span><br \/>\net, de retour \u00e0 la maison, il appelle ses amis et ses voisins, et leur<br \/>\ndit: R\u00e9jouissez-vous avec moi, car j&rsquo;ai retrouv\u00e9 ma brebis qui \u00e9tait<br \/>\nperdue. <br \/>\n<span style=\"color: rgb(51, 51, 255); font-weight: bold;\">15.7<\/span><br \/>\nDe m\u00eame, je vous le dis, il y aura plus de joie dans le ciel pour un<br \/>\nseul p\u00e9cheur qui se repent, que pour quatre-vingt-dix-neuf justes qui<br \/>\nn&rsquo;ont pas besoin de repentance. <br \/>\n<span style=\"color: rgb(51, 51, 255); font-weight: bold;\">15.8<\/span><br \/>\nOu quelle femme, si elle a dix drachmes, et qu&rsquo;elle en perde une,<br \/>\nn&rsquo;allume une lampe, ne balaie la maison, et ne cherche avec soin,<br \/>\njusqu&rsquo;\u00e0 ce qu&rsquo;elle la retrouve? <br \/>\n<span style=\"color: rgb(51, 51, 255); font-weight: bold;\">15.9<\/span><br \/>\nLorsqu&rsquo;elle l&rsquo;a retrouv\u00e9e, elle appelle ses amies et ses voisines, et<br \/>\ndit: R\u00e9jouissez-vous avec moi, car j&rsquo;ai retrouv\u00e9 la drachme que j&rsquo;avais<br \/>\nperdue. <br \/>\n<span style=\"color: rgb(51, 51, 255); font-weight: bold;\">15.10<\/span><br \/>\nDe m\u00eame, je vous le dis, il y a de la joie devant les anges de Dieu<br \/>\npour un seul p\u00e9cheur qui se repent. <br \/>\n<span style=\"color: rgb(51, 51, 255); font-weight: bold;\">15.11<\/span><br \/>\nIl dit encore: Un homme avait deux fils. <br \/>\n<span style=\"color: rgb(51, 51, 255); font-weight: bold;\">15.12<\/span><br \/>\nLe plus jeune dit \u00e0 son p\u00e8re: Mon p\u00e8re, donne-moi la part de bien qui<br \/>\ndoit me revenir. Et le p\u00e8re leur partagea son bien. <br \/>\n<span style=\"color: rgb(51, 51, 255); font-weight: bold;\">15.13<\/span><br \/>\nPeu de jours apr\u00e8s, le plus jeune fils, ayant tout ramass\u00e9, partit pour<br \/>\nun pays \u00e9loign\u00e9, o\u00f9 il dissipa son bien en vivant dans la d\u00e9bauche. <br \/>\n<span style=\"color: rgb(51, 51, 255); font-weight: bold;\">15.14<\/span><br \/>\nLorsqu&rsquo;il eut tout d\u00e9pens\u00e9, une grande famine survint dans ce pays, et<br \/>\nil commen\u00e7a \u00e0 se trouver dans le besoin. <br \/>\n<span style=\"color: rgb(51, 51, 255); font-weight: bold;\">15.15<\/span><br \/>\nIl alla se mettre au service d&rsquo;un des habitants du pays, qui l&rsquo;envoya<br \/>\ndans ses champs garder les pourceaux. <br \/>\n<span style=\"color: rgb(51, 51, 255); font-weight: bold;\">15.16<\/span><br \/>\nIl aurait bien voulu se rassasier des carouges que mangeaient les<br \/>\npourceaux, mais personne ne lui en donnait. <br \/>\n<span style=\"color: rgb(51, 51, 255); font-weight: bold;\">15.17<\/span><br \/>\nEtant rentr\u00e9 en lui-m\u00eame, il se dit: Combien de mercenaires chez mon<br \/>\np\u00e8re ont du pain en abondance, et moi, ici, je meurs de faim! <br \/>\n<span style=\"color: rgb(51, 51, 255); font-weight: bold;\">15.18<\/span><br \/>\nJe me l\u00e8verai, j&rsquo;irai vers mon p\u00e8re, et je lui dirai: Mon p\u00e8re, j&rsquo;ai<br \/>\np\u00e9ch\u00e9 contre le ciel et contre toi, <br \/>\n<span style=\"color: rgb(51, 51, 255); font-weight: bold;\">15.19<\/span><br \/>\nje ne suis plus digne d&rsquo;\u00eatre appel\u00e9 ton fils; traite-moi comme l&rsquo;un de<br \/>\ntes mercenaires. <br \/>\n<span style=\"color: rgb(51, 51, 255); font-weight: bold;\">15.20<\/span><br \/>\nEt il se leva, et alla vers son p\u00e8re. Comme il \u00e9tait encore loin, son<br \/>\np\u00e8re le vit et fut \u00e9mu de compassion, il courut se jeter \u00e0 son cou et<br \/>\nle baisa. <br \/>\n<span style=\"color: rgb(51, 51, 255); font-weight: bold;\">15.21<\/span><br \/>\nLe fils lui dit: Mon p\u00e8re, j&rsquo;ai p\u00e9ch\u00e9 contre le ciel et contre toi, je<br \/>\nne suis plus digne d&rsquo;\u00eatre appel\u00e9 ton fils. <br \/>\n<span style=\"color: rgb(51, 51, 255); font-weight: bold;\">15.22<\/span><br \/>\nMais le p\u00e8re dit \u00e0 ses serviteurs: Apportez vite la plus belle robe, et<br \/>\nl&rsquo;en rev\u00eatez; mettez-lui un anneau au doigt, et des souliers aux pieds.<br \/>\n<br \/>\n<span style=\"color: rgb(51, 51, 255); font-weight: bold;\">15.23<\/span><br \/>\nAmenez le veau gras, et tuez-le. Mangeons et r\u00e9jouissons-nous; <br \/>\n<span style=\"color: rgb(51, 51, 255); font-weight: bold;\">15.24<\/span><br \/>\ncar mon fils que voici \u00e9tait mort, et il est revenu \u00e0 la vie; il \u00e9tait<br \/>\nperdu, et il est retrouv\u00e9. Et ils commenc\u00e8rent \u00e0 se r\u00e9jouir. <br \/>\n<span style=\"color: rgb(51, 51, 255); font-weight: bold;\">15.25<\/span><br \/>\nOr, le fils a \u00een\u00e9 \u00e9tait dans les champs. Lorsqu&rsquo;il revint et approcha de<br \/>\nla maison, il entendit la musique et les danses. <br \/>\n<span style=\"color: rgb(51, 51, 255); font-weight: bold;\">15.26<\/span><br \/>\nIl appela un des serviteurs, et lui demanda ce que c&rsquo;\u00e9tait. <br \/>\n<span style=\"color: rgb(51, 51, 255); font-weight: bold;\">15.27<\/span><br \/>\nCe serviteur lui dit: Ton fr\u00e8re est de retour, et, parce qu&rsquo;il l&rsquo;a<br \/>\nretrouv\u00e9 en bonne sant\u00e9, ton p\u00e8re a tu\u00e9 le veau gras. <br \/>\n<span style=\"color: rgb(51, 51, 255); font-weight: bold;\">15.28<\/span><br \/>\nIl se mit en col\u00e8re, et ne voulut pas entrer. Son p\u00e8re sortit, et le<br \/>\npria d&rsquo;entrer. <br \/>\n<span style=\"color: rgb(51, 51, 255); font-weight: bold;\">15.29<\/span><br \/>\nMais il r\u00e9pondit \u00e0 son p\u00e8re: Voici, il y a tant d&rsquo;ann\u00e9es que je te<br \/>\nsers, sans avoir jamais transgress\u00e9 tes ordres, et jamais tu ne m&rsquo;as<br \/>\ndonn\u00e9 un chevreau pour que je me r\u00e9jouisse avec mes amis. <br \/>\n<span style=\"color: rgb(51, 51, 255); font-weight: bold;\">15.30<\/span><br \/>\nEt quand ton fils est arriv\u00e9, celui qui a mang\u00e9 ton bien avec des<br \/>\nprostitu\u00e9es, c&rsquo;est pour lui que tu as tu\u00e9 le veau gras! <br \/>\n<span style=\"color: rgb(51, 51, 255); font-weight: bold;\">15.31<\/span><br \/>\nMon enfant, lui dit le p\u00e8re, tu es toujours avec moi, et tout ce que<br \/>\nj&rsquo;ai est \u00e0 toi; <br \/>\n<span style=\"color: rgb(51, 51, 255); font-weight: bold;\">15.32<\/span><br \/>\nmais il fallait bien s&rsquo;\u00e9gayer et se r\u00e9jouir, parce que ton fr\u00e8re que<br \/>\nvoici \u00e9tait mort et qu&rsquo;il est revenu \u00e0 la vie, parce qu&rsquo;il \u00e9tait perdu<br \/>\net qu&rsquo;il est retrouv\u00e9. <\/p>\n<div align=\"center\"><img decoding=\"async\" src=\"\/IMG\/jpg\/BXVI.jpg\" width=350>\n<\/div>\n<p> Les trois paraboles de la Mis\u00e9ricorde sont un v\u00e9ritable tr\u00e9sor: la brebis, la pi\u00e8ce et le fils sont perdus et retrouv\u00e9s, ces \u00ab\u00a0retrouvailles\u00a0\u00bb font la joie de Dieu. \u00a0\u00bb Il y a plus de joie dans le ciel pour un p\u00e9cheur qui se convertit&#8230;.\u00a0\u00bb<\/p>\n<p> Dans la parabole de l&rsquo;enfant prodigue ou plut\u00f4t du p\u00e8re des mis\u00e9ricordes \u00e0 l&rsquo;amour fou, c&rsquo;est bien le p\u00e8re qui est le personnage central de ce texte.<\/p>\n<p> Qui donc est Dieu pour nous aimer ainsi? Dans la m\u00e9moire collective ou dans nos souvenirs, tra \u00eenent des id\u00e9es d&rsquo;un Dieu justicier et vengeur, qui serait \u00e0 notre service et \u00e0 nos ordres comme le voient le fils cadet et ain\u00e9 de la parabole. L&rsquo;un et l&rsquo;autre d\u00e9couvrent un visage de leur p\u00e8re qu&rsquo;ils ne connaissaient pas.<\/p>\n<p> \u00ab\u00a0C&rsquo;est trop beau pour \u00eatre vrai\u00a0\u00bb disons nous parfois! A travers le p\u00e8re de la parabole , c&rsquo;est un visage inattendu de Dieu qui nous est offert. Celui qui accueille son enfant perdu sans lui demander de comptes car il conna \u00eet son coeur, celui qui appelle \u00e0 la joie et \u00e0 la f\u00eate du pardon.<\/p>\n<p> \u00ab\u00a0Dieu est riche en mis\u00e9ricorde\u00a0\u00bb dit Saint Paul. N&rsquo;ayons pas peur d&rsquo;y croire et d&rsquo;en vivre en nous approchant du Sacrement de p\u00e9nitence et de r\u00e9conciliation pendant le Car\u00eame.<\/p>\n<p> P\u00e8re Philippe Legrand<\/p>\n<p> Pour bien entrer en Car\u00eame<br \/>\n Nous vous sugg\u00e9rons, dans la suite de cet article, apr\u00e8s cette m\u00e9ditation, de continuer \u00e0 prier et d&rsquo;autres pistes encore pour vous aider \u00e0 cheminer tout au long de ces 40 jours.<\/p>\n<p> Tout d&rsquo;abord, nous vous proposons d&rsquo;\u00e9couter ce beau chant d&rsquo;Amour envers notre P\u00e8re du Ciel, chant plein de tendresse compos\u00e9 par la Communaut\u00e9 de l&rsquo;Emmanuel, avant de lire la pri\u00e8re qui suit:<\/p>\n<p>[P\u00e8re, mon P\u00e8re, je m&rsquo;abandonne \u00e0 toi-> http:\/\/www.youtube.com\/watch?v=FnRjeDQ7x9g&#038;noredirect=1]<\/p>\n<p> <span style=\"color: blue;\"><br \/>\n Pri\u00e8re: Entrer en Car\u00eame<\/span><\/p>\n<p> <span style=\"color: blue;\"><br \/>\n Entrer en Car\u00eame<br \/>\n c&rsquo;est ouvrir sa porte<br \/>\n et r\u00e9apprendre \u00e0 bouger, se d\u00e9placer, \u00e0 vivre.<br \/>\n C&rsquo;est refuser de rester fig\u00e9 sur ses positions,<br \/>\n ses dogmes ou ses certitudes absolues.<\/span><br \/>\n <span style=\"color: blue;\"><br \/>\n Entrer en Car\u00eame<br \/>\n c&rsquo;est aussi chager de cap.<br \/>\n Mettre le cap sur Dieu en se laissant d\u00e9ranger<br \/>\n par les coutumes des autres, leurs id\u00e9es,<br \/>\n leurs habitudes, leurs langues,<br \/>\n se laisser surprendre par la musique de l&rsquo;autre<br \/>\n qui dit un autre rythme, un autre temps,<br \/>\n une autre chanson.<\/span><br \/>\n <span style=\"color: blue;\"><br \/>\n Entrer en Car\u00eame,<br \/>\n c&rsquo;est aussi se mettre \u00e0 l&rsquo;\u00e9coute de la Parole,<br \/>\n celle qui, au milieu des bavardages,<br \/>\n nous touche au coeur et nous arrache<br \/>\n non une larme, un billet de banque, un ch\u00e8que,<br \/>\n mais un geste de pardon, d&rsquo;amour ou de paix.<\/span><br \/>\n <span style=\"color: blue;\"><br \/>\n Entrer en Car\u00eame<br \/>\n c&rsquo;est se mettre \u00e0 l&rsquo;\u00e9coute de la r\u00e9ussite de Dieu,<br \/>\n celle qui accepte la blessure,<br \/>\n celle qui ne profite pas de l&rsquo;\u00e9chec du faible,<br \/>\n celle qui n&rsquo;exploite pas la na\u00efvet\u00e9<br \/>\n ou la sueur du faible.<\/span><br \/>\n <span style=\"color: blue;\"><br \/>\n Entrer en Car\u00eame<br \/>\n c&rsquo;est se mettre \u00e0 l&rsquo;\u00e9coute de l&rsquo;Amour de Dieu,<br \/>\n un Amour qui vous apprend \u00e0 lire autrement.<br \/>\n A aimer simplement.<br \/>\n<\/span><\/p>\n<p> Ensuite, d&rsquo;autres sites tr\u00e8s \u00e9labor\u00e9s peuvent vous accompagner quotidiennement \u00e0 approfondir votre foi. En voici quelques-uns:<br \/>\n [http:\/\/www.retraitedanslaville.org\/->http:\/\/www.retraitedanslaville.org\/]<br \/>\n [http:\/\/careme.croire.com\/->http:\/\/careme.croire.com\/]<\/p>\n<div align=\"center\"><img decoding=\"async\" src=\"\/IMG\/jpg\/careme-croire.jpg\" width=350>\n<\/div>\n<p>  Si enfin, vous vous posez quelques questions sur le sens du car\u00eame et du mercredi des Cendres, voici deux liens tr\u00e8s int\u00e9ressants vers le site du dioc\u00e8se de Belley-Ars:<\/p>\n<p> [http:\/\/catholique-belley-ars.cef.fr\/Vous-avez-dit-careme.html->http:\/\/catholique-belley-ars.cef.fr\/Vous-avez-dit-careme.html]<br \/>\n [http:\/\/catholique-belley-ars.cef.fr\/Mardi-gras-et-mercredi-des-cendres.html->http:\/\/catholique-belley-ars.cef.fr\/Mardi-gras-et-mercredi-des-cendres.html]\n<\/p><\/div>\n","protected":false},"excerpt":{"rendered":"<p>Le Car\u00eame, qu&rsquo;est-ce que c&rsquo;est? On a souvent tendance \u00e0\u00a0 le r\u00e9sumer par la formule des 3 \u00ab\u00a0P\u00a0\u00bb: &#8211; Pri\u00e8re; &#8211; Partage, nomm\u00e9e aussi charit\u00e9 ou aum ne; &#8211; P\u00e9nitence, nomm\u00e9e aussi abstinence ou&#46;&#46;&#46;<\/p>\n","protected":false},"author":2,"featured_media":0,"comment_status":"open","ping_status":"open","sticky":false,"template":"","format":"standard","meta":{"footnotes":""},"categories":[],"tags":[],"class_list":["post-582","post","type-post","status-publish","format-standard","hentry"],"_links":{"self":[{"href":"https:\/\/www.chapelle-crecy.com\/index.php?rest_route=\/wp\/v2\/posts\/582","targetHints":{"allow":["GET"]}}],"collection":[{"href":"https:\/\/www.chapelle-crecy.com\/index.php?rest_route=\/wp\/v2\/posts"}],"about":[{"href":"https:\/\/www.chapelle-crecy.com\/index.php?rest_route=\/wp\/v2\/types\/post"}],"author":[{"embeddable":true,"href":"https:\/\/www.chapelle-crecy.com\/index.php?rest_route=\/wp\/v2\/users\/2"}],"replies":[{"embeddable":true,"href":"https:\/\/www.chapelle-crecy.com\/index.php?rest_route=%2Fwp%2Fv2%2Fcomments&post=582"}],"version-history":[{"count":0,"href":"https:\/\/www.chapelle-crecy.com\/index.php?rest_route=\/wp\/v2\/posts\/582\/revisions"}],"wp:attachment":[{"href":"https:\/\/www.chapelle-crecy.com\/index.php?rest_route=%2Fwp%2Fv2%2Fmedia&parent=582"}],"wp:term":[{"taxonomy":"category","embeddable":true,"href":"https:\/\/www.chapelle-crecy.com\/index.php?rest_route=%2Fwp%2Fv2%2Fcategories&post=582"},{"taxonomy":"post_tag","embeddable":true,"href":"https:\/\/www.chapelle-crecy.com\/index.php?rest_route=%2Fwp%2Fv2%2Ftags&post=582"}],"curies":[{"name":"wp","href":"https:\/\/api.w.org\/{rel}","templated":true}]}}