{"id":583,"date":"2013-02-17T22:25:00","date_gmt":"2013-02-17T22:25:00","guid":{"rendered":""},"modified":"-0001-11-30T00:00:00","modified_gmt":"-0001-11-29T22:00:00","slug":"","status":"publish","type":"post","link":"https:\/\/www.chapelle-crecy.com\/?p=583","title":{"rendered":"Annonces de la semaine du 18 au 24 f\u00e9vrier 2013"},"content":{"rendered":"<p>Durant l&rsquo;absence du P\u00e8re AIME, il n&rsquo;y aura pas de messe en semaine<br \/>\nSamedi 23 f\u00e9vrier -13 h 15 \u00e0 15 h  R\u00e9union de l&rsquo;Equipe \u00ab Jeunes T\u00e9moins \u00bb du MEJ \u00e0 la  salle paroissiale<br \/>\n(Messe \u00e0 Voulangis ANNULEE.)<br \/>\nDimanche 24 f\u00e9vrier &#8211; 10 h 30 -Messe \u00e0 Cr\u00e9cy pour Olivier LANDRIEUX et la famille LEGEAY.<br \/>\nCe dimanche 24 f\u00e9vrier, \u00ab Repas de P\u00f4le \u00bb  \u00e0 la Salle des F\u00eates de Poincy \u00e0 partir de 12 h 15.<\/p>\n","protected":false},"excerpt":{"rendered":"<p>Durant l&rsquo;absence du P\u00e8re AIME, il n&rsquo;y aura pas de messe en semaine Samedi 23 f\u00e9vrier -13 h 15 \u00e0 15 h R\u00e9union de l&rsquo;Equipe \u00ab Jeunes T\u00e9moins \u00bb du MEJ \u00e0 la salle&#46;&#46;&#46;<\/p>\n","protected":false},"author":2,"featured_media":0,"comment_status":"open","ping_status":"open","sticky":false,"template":"","format":"standard","meta":{"footnotes":""},"categories":[],"tags":[],"class_list":["post-583","post","type-post","status-publish","format-standard","hentry"],"_links":{"self":[{"href":"https:\/\/www.chapelle-crecy.com\/index.php?rest_route=\/wp\/v2\/posts\/583","targetHints":{"allow":["GET"]}}],"collection":[{"href":"https:\/\/www.chapelle-crecy.com\/index.php?rest_route=\/wp\/v2\/posts"}],"about":[{"href":"https:\/\/www.chapelle-crecy.com\/index.php?rest_route=\/wp\/v2\/types\/post"}],"author":[{"embeddable":true,"href":"https:\/\/www.chapelle-crecy.com\/index.php?rest_route=\/wp\/v2\/users\/2"}],"replies":[{"embeddable":true,"href":"https:\/\/www.chapelle-crecy.com\/index.php?rest_route=%2Fwp%2Fv2%2Fcomments&post=583"}],"version-history":[{"count":0,"href":"https:\/\/www.chapelle-crecy.com\/index.php?rest_route=\/wp\/v2\/posts\/583\/revisions"}],"wp:attachment":[{"href":"https:\/\/www.chapelle-crecy.com\/index.php?rest_route=%2Fwp%2Fv2%2Fmedia&parent=583"}],"wp:term":[{"taxonomy":"category","embeddable":true,"href":"https:\/\/www.chapelle-crecy.com\/index.php?rest_route=%2Fwp%2Fv2%2Fcategories&post=583"},{"taxonomy":"post_tag","embeddable":true,"href":"https:\/\/www.chapelle-crecy.com\/index.php?rest_route=%2Fwp%2Fv2%2Ftags&post=583"}],"curies":[{"name":"wp","href":"https:\/\/api.w.org\/{rel}","templated":true}]}}