{"id":584,"date":"2013-02-20T12:05:58","date_gmt":"2013-02-20T12:05:58","guid":{"rendered":""},"modified":"-0001-11-30T00:00:00","modified_gmt":"-0001-11-29T22:00:00","slug":"","status":"publish","type":"post","link":"https:\/\/www.chapelle-crecy.com\/?p=584","title":{"rendered":"GRANDE NEUVAINE POUR BENOIT XVI du 20 au 28 f\u00e9vrier"},"content":{"rendered":"<div align=\"justify\">Aujourd&rsquo;hui, d\u00e9bute une grande neuvaine pour notre Saint P\u00e8re. C&rsquo;est avec une grande \u00e9motion que nous apprenions, juste avant le car\u00eame, la renonciation du pape \u00e0\u00a0 sa mission, fix\u00e9e au 28 f\u00e9vrier 2013 \u00e0\u00a0 20h. Pour lui dire un grand <span style=\"color:red\">MERCI<\/span> et rendre gr ce \u00e0\u00a0 Dieu pour toute son action pendant ses 8 ans de pontificat, prions pour lui et pour l&rsquo;Eglise toute enti\u00e8re. De plus, notez dans vos agendas:<br \/>\nLe vendredi 22 f\u00e9vrier 2013, \u00e0\u00a0 19h00 \u00e0\u00a0 la cath\u00e9drale de Meaux, sera c\u00e9l\u00e9br\u00e9e une messe d&rsquo;action de gr ces pour le pontificat de Beno\u00eet XVI.<br \/>\nLe jeudi 28 f\u00e9vrier 2013, \u00e0\u00a0 17h00, dans la chapelle Notre-Dame de Chaage, (m\u00eame adresse que la biblioth\u00e8que dioc\u00e9saine de Meaux), sera c\u00e9l\u00e9br\u00e9e une messe en l&rsquo;honneur de la fin du pontificat du Pape Benoit XVI. Cette messe sera suivie de la pr\u00e9sentation de ses ouvrages. (voir invitation dans la suite de cet article.)<\/div>\n<p>Derni\u00e8re messe du pape Beno \u00eet XVI, la longue ovation<br \/>\n Apr\u00e8s avoir annonc\u00e9 lundi 11 f\u00e9vrier qu&rsquo;il quitterait ses fonctions, le pape est apparu en public pour la premi\u00e8re fois mercredi 13 f\u00e9vrier \u00e0 l&rsquo;occasion de l&rsquo;audience hebdomadaire puis pour une messe des Cendres.<br \/>\n Nous vous proposons cette vid\u00e9o tir\u00e9e du site \u00ab\u00a0La Croix\u00a0\u00bb:<br \/>\n Retour sur un moment de grande \u00e9motion \u00e0 la Basilique Saint-Pierre:<br \/>\n [http:\/\/www.la-croix.com\/Religion\/Actualite\/Derniere-messe-du-pape-Benoit-XVI-la-longue-ovation-_NG_-2013-02-14-910952->http:\/\/www.la-croix.com\/Religion\/Actualite\/Derniere-messe-du-pape-Benoit-XVI-la-longue-ovation-_NG_-2013-02-14-910952]<\/p>\n","protected":false},"excerpt":{"rendered":"<p>Aujourd&rsquo;hui, d\u00e9bute une grande neuvaine pour notre Saint P\u00e8re. C&rsquo;est avec une grande \u00e9motion que nous apprenions, juste avant le car\u00eame, la renonciation du pape \u00e0\u00a0 sa mission, fix\u00e9e au 28 f\u00e9vrier 2013 \u00e0\u00a0&#46;&#46;&#46;<\/p>\n","protected":false},"author":2,"featured_media":0,"comment_status":"open","ping_status":"open","sticky":false,"template":"","format":"standard","meta":{"footnotes":""},"categories":[],"tags":[],"class_list":["post-584","post","type-post","status-publish","format-standard","hentry"],"_links":{"self":[{"href":"https:\/\/www.chapelle-crecy.com\/index.php?rest_route=\/wp\/v2\/posts\/584","targetHints":{"allow":["GET"]}}],"collection":[{"href":"https:\/\/www.chapelle-crecy.com\/index.php?rest_route=\/wp\/v2\/posts"}],"about":[{"href":"https:\/\/www.chapelle-crecy.com\/index.php?rest_route=\/wp\/v2\/types\/post"}],"author":[{"embeddable":true,"href":"https:\/\/www.chapelle-crecy.com\/index.php?rest_route=\/wp\/v2\/users\/2"}],"replies":[{"embeddable":true,"href":"https:\/\/www.chapelle-crecy.com\/index.php?rest_route=%2Fwp%2Fv2%2Fcomments&post=584"}],"version-history":[{"count":0,"href":"https:\/\/www.chapelle-crecy.com\/index.php?rest_route=\/wp\/v2\/posts\/584\/revisions"}],"wp:attachment":[{"href":"https:\/\/www.chapelle-crecy.com\/index.php?rest_route=%2Fwp%2Fv2%2Fmedia&parent=584"}],"wp:term":[{"taxonomy":"category","embeddable":true,"href":"https:\/\/www.chapelle-crecy.com\/index.php?rest_route=%2Fwp%2Fv2%2Fcategories&post=584"},{"taxonomy":"post_tag","embeddable":true,"href":"https:\/\/www.chapelle-crecy.com\/index.php?rest_route=%2Fwp%2Fv2%2Ftags&post=584"}],"curies":[{"name":"wp","href":"https:\/\/api.w.org\/{rel}","templated":true}]}}