{"id":615,"date":"2013-07-02T21:22:26","date_gmt":"2013-07-02T21:22:26","guid":{"rendered":""},"modified":"-0001-11-30T00:00:00","modified_gmt":"-0001-11-29T22:00:00","slug":"","status":"publish","type":"post","link":"https:\/\/www.chapelle-crecy.com\/?p=615","title":{"rendered":"La nuit des \u00e9glises 2013"},"content":{"rendered":"<div align=\"justify\">Dans le cadre de la \u00ab Nuit des \u00e9glises \u00bb du 6 juillet 2013 o\u00f9 pr\u00e8s de 600 \u00e9glises seront ouvertes sur le territoire national, la Coll\u00e9giale Notre Dame de l&rsquo;Assomption de Cr\u00e9cy-la-Chapelle ouvrira ses portes de 19h \u00e0\u00a0 23h avec, \u00e0\u00a0 22h30, c\u00e9l\u00e9bration de l&rsquo;Office des Complies.<br \/>\n<a href=\"http:\/\/www.narthex.fr\/nuit-des-eglises\" target=\"_blank\">http:\/\/www.narthex.fr\/nuit-des-eglises<\/div>\n<p>Voici un aper\u00e7u des merveilles que vous pourrez admirer en venant rendre visite \u00e0\u00a0 Notre-Dame de l&rsquo;Assomption. L&rsquo;album-photo que nous vous proposons ci-apr\u00e8s a \u00e9t\u00e9 r\u00e9alis\u00e9 par Michel Bazerbes du Clich\u00e9-Cr\u00e9\u00e7ois &#8230;<\/p><\/div>\n<div align=\"center\"><img decoding=\"async\" src=\"\/IMG\/jpg\/Collegiale1.jpg\n\" width=400><\/div>\n<div align=\"center\"><img decoding=\"async\" src=\"\/IMG\/jpg\/Collegiale2.jpg\n\" width=400><\/div>\n<div align=\"center\"><img decoding=\"async\" src=\"\/IMG\/jpg\/Collegiale3.jpg\n\" width=400><\/div>\n<div align=\"center\"><img decoding=\"async\" src=\"\/IMG\/jpg\/Collegiale4.jpg\n\" width=400><\/div>\n<div align=\"center\"><img decoding=\"async\" src=\"\/IMG\/jpg\/Collegiale5.jpg\n\" width=400><\/div>\n<div align=\"center\"><img decoding=\"async\" src=\"\/IMG\/jpg\/Collegiale6.jpg\n\" width=400><\/div>\n<div align=\"center\"><img decoding=\"async\" src=\"\/IMG\/jpg\/Collegiale7.jpg\n\" width=400><\/div>\n<div align=\"center\"><img decoding=\"async\" src=\"\/IMG\/jpg\/Collegiale8.jpg\n\" width=400><\/div>\n","protected":false},"excerpt":{"rendered":"<p>Dans le cadre de la \u00ab Nuit des \u00e9glises \u00bb du 6 juillet 2013 o\u00f9 pr\u00e8s de 600 \u00e9glises seront ouvertes sur le territoire national, la Coll\u00e9giale Notre Dame de l&rsquo;Assomption de Cr\u00e9cy-la-Chapelle ouvrira&#46;&#46;&#46;<\/p>\n","protected":false},"author":2,"featured_media":0,"comment_status":"open","ping_status":"open","sticky":false,"template":"","format":"standard","meta":{"footnotes":""},"categories":[],"tags":[],"class_list":["post-615","post","type-post","status-publish","format-standard","hentry"],"_links":{"self":[{"href":"https:\/\/www.chapelle-crecy.com\/index.php?rest_route=\/wp\/v2\/posts\/615","targetHints":{"allow":["GET"]}}],"collection":[{"href":"https:\/\/www.chapelle-crecy.com\/index.php?rest_route=\/wp\/v2\/posts"}],"about":[{"href":"https:\/\/www.chapelle-crecy.com\/index.php?rest_route=\/wp\/v2\/types\/post"}],"author":[{"embeddable":true,"href":"https:\/\/www.chapelle-crecy.com\/index.php?rest_route=\/wp\/v2\/users\/2"}],"replies":[{"embeddable":true,"href":"https:\/\/www.chapelle-crecy.com\/index.php?rest_route=%2Fwp%2Fv2%2Fcomments&post=615"}],"version-history":[{"count":0,"href":"https:\/\/www.chapelle-crecy.com\/index.php?rest_route=\/wp\/v2\/posts\/615\/revisions"}],"wp:attachment":[{"href":"https:\/\/www.chapelle-crecy.com\/index.php?rest_route=%2Fwp%2Fv2%2Fmedia&parent=615"}],"wp:term":[{"taxonomy":"category","embeddable":true,"href":"https:\/\/www.chapelle-crecy.com\/index.php?rest_route=%2Fwp%2Fv2%2Fcategories&post=615"},{"taxonomy":"post_tag","embeddable":true,"href":"https:\/\/www.chapelle-crecy.com\/index.php?rest_route=%2Fwp%2Fv2%2Ftags&post=615"}],"curies":[{"name":"wp","href":"https:\/\/api.w.org\/{rel}","templated":true}]}}