{"id":672,"date":"2013-12-25T13:22:00","date_gmt":"2013-12-25T13:22:00","guid":{"rendered":""},"modified":"-0001-11-30T00:00:00","modified_gmt":"-0001-11-29T22:00:00","slug":"","status":"publish","type":"post","link":"https:\/\/www.chapelle-crecy.com\/?p=672","title":{"rendered":"Message de notre \u00e9v\u00eaque \u00e0\u00a0 l&rsquo;occasion de No\u00ebl"},"content":{"rendered":"<table bgcolor =\"#04B404\" border=0>\n<tbody>\n<tr>\n<td>\n<div align=\"justify\"><FONT color=\"#CEF6F5\"><br \/>\n\u00ab\u00a0Chers amis,<br \/>\nCette ann\u00e9e, notre dioc\u00e8se a la joie d&rsquo;accueillir 6 s\u00e9minaristes. En ce temps de No\u00f6l, je vous invite \u00e0\u00a0 prier pour chacun d&rsquo;entre eux et pour que naissent davantage de vocations sacerdotales en Seine-et-Marne.<br \/>\nCette augmentation du nombre de s\u00e9minaristes a un impact financier important. En effet, une ann\u00e9e de formation revient \u00e0\u00a0 environ 24 000  \u201a\u00ac par s\u00e9minariste, soit 70  \u201a\u00ac par jour. Ce montant comprend l&rsquo;h\u00e9bergement et la nourriture, les frais d&rsquo;\u00e9tudes, une indemnit\u00e9 pour les d\u00e9penses personnelles (les livres, les v\u00eatements), sans oublier la couverture sociale.<br \/>\nJe vous remercie chaleureusement de votre soutien g\u00e9n\u00e9reux et vous assure de ma pri\u00e8re fid\u00e8le.<br \/>\nJoyeux No\u00f6l \u00e0\u00a0 tous ! \u00a0\u00bb<\/p>\n<p>+ Jean-Yves Nahmias<br \/>\nEv\u00eaque de Meaux<br \/>\n<\/FONT><\/div>\n<\/td>\n<\/tr>\n<\/tbody>\n<\/table>\n<div align=\"justify\">\n<div align=\"center\"><img decoding=\"async\" src=\"\/IMG\/jpg\/ordi1.jpg\" width=350><\/div>\n<div align=\"center\">ordination diaconale d&rsquo;Olivier Ribeiro (le 23 juin 2013)<\/div>\n<div align=\"center\"><img decoding=\"async\" src=\"\/IMG\/jpg\/ordi2.jpg\" width=350><\/div>\n<div align=\"center\">journ\u00e9e des s\u00e9minaristes, \u00e0 Meaux, le 23 d\u00e9cembre 2013<\/div>\n<p> sur cette photo prise par le P\u00e8re Benoit Lemoine, vous reconnaitrez ou d\u00e9couvrirez:<br \/>\n au premier plan, de gauche \u00e0 droite :<br \/>\n Cl\u00e9ment, Jean-Baptiste, Olivier, diacre, Mgr Nahmias, Francesco, Gr\u00e9goire, Maximilien,<br \/>\n En arri\u00e8re-plan, le P\u00e8re Michel Henrie, vicaire g\u00e9n\u00e9ral, et le P\u00e8re Thierry Leroy, charg\u00e9 de la formation des s\u00e9minaristes<\/p>\n<div align=\"center\">* * * * * * * <\/div>\n<p> En ce Saint jour de No\u00ebl, nous vous proposons la m\u00e9ditation des dominicains de Lille que vous pouvez retrouver sur le site [Avent dans la ville->http:\/\/www.aventdanslaville.org\/]:<\/p>\n<div align=\"center\"><img decoding=\"async\" src=\"\/IMG\/jpg\/Nat-Voul.jpg\" width=450><\/div>\n<div align=\"center\">Nativit\u00e9, adoration des bergers XIX\u00e8me si\u00e8cle &#8211; \u00e9glise Saint-Pierre de VOULANGIS &#8211; 77<\/div>\n<p> \u00ab Joyeux No\u00ebl ! \u00bb Les cr\u00e8ches expriment, artistiquement, ce que les \u00e9vangiles rapportent de la naissance de J\u00e9sus. Depuis la plus modeste repr\u00e9sentation avec les seuls personnages mentionn\u00e9s dans la Bible jusqu&rsquo;aux plus amples d\u00e9ploiements o\u00f9 l&rsquo;on a ajout\u00e9, comme en Provence, des santons par dizaines, en passant par les fresques de Giotto ou de Fra Angelico o\u00f9 les peintres ont rendus saint Fran\u00e7ois et saint Dominique contemporains de cet \u00e9v\u00e9nement de la Nativit\u00e9, on se rend compte du d\u00e9sir de s&rsquo;approprier cet \u00e9v\u00e9nement, de le rendre proche de nous, de nos existences. La visite de la cr\u00e8che \u00e0 l&rsquo;\u00e9glise paroissiale ou \u00e0 celles de toutes les \u00e9glises d&rsquo;une ville participent de ce m\u00eame souci : s&rsquo;approcher, se rendre proche de Celui qui est pr\u00e9sent\u00e9, tel un signe, comme l&rsquo;ont entendu les bergers de la bouche de l&rsquo;ange : \u00ab vous trouverez un nouveau-n\u00e9 emmaillot\u00e9 et couch\u00e9 dans une mangeoire. \u00bb C&rsquo;est le temps et le lieu<br \/>\nde l&rsquo;\u00e9merveillement, de se laisser aller, avec des yeux et un coeur d&rsquo;enfant, \u00e0 la contemplation de ce qui est pr\u00e9sent\u00e9.<\/p>\n<p> De se rendre compte qu&rsquo;\u00e0 la pauvret\u00e9 de la cr\u00e8che, correspondent aussi nos pauvret\u00e9s. C&rsquo;est se donner la possibilit\u00e9 de l&rsquo;\u00e9motion, quand on est encore capable de s&rsquo;attendrir et de s&rsquo;\u00e9mouvoir \u00e2\u20ac\u00a6 pour v\u00e9n\u00e9rer, adorer Dieu qui se fait petit enfant.<br \/>\n Devant un nouveau-n\u00e9, chacun y va de son commentaire pour dire de qui il tient : on trouvera tel trait du p\u00e8re, tel d\u00e9tail chez la m\u00e8re, etc. Devant la cr\u00e8che, on peut se poser la m\u00eame question au sujet de J\u00e9sus : de qui tient-il ? A qui fait-il penser ? Les \u00e9vangiles en donnent la<br \/>\nr\u00e9ponse. Matthieu et Luc affirment qu&rsquo;il est n\u00e9 de la Vierge Marie, sous l&rsquo;action de l&rsquo;Esprit-Saint. Il tient ainsi de l&rsquo;humanit\u00e9 par sa m\u00e8re et de la divinit\u00e9 par son P\u00e8re, Dieu. J\u00e9sus est \u00e0 la fois Dieu et homme, Dieu fait homme.<br \/>\n Saint Jean pr\u00e9cise : \u00ab le Verbe s&rsquo;est fait chair \u00bb. En Dieu, il y a donc le Verbe, la Parole, qui vient s&rsquo;unir \u00e0 l&rsquo;homme J\u00e9sus. Ainsi, s&rsquo;adonner \u00e0 la contemplation de la Nativit\u00e9 ouvre \u00e0 une r\u00e9flexion plus profonde sur le myst\u00e8re m\u00eame de Dieu. <\/p>\n<p> Qui est Dieu pour aimer l&rsquo;humanit\u00e9 au point de venir l&rsquo;habiter de sa pr\u00e9sence pour la sauver ?<br \/>\nEn se laissant travailler par cette interrogation, on s&rsquo;aper\u00e7oit combien chacun est concern\u00e9 par cette naissance du Sauveur. Il s&rsquo;agit de bien comprendre, ce que nous affirmons dans le Credo: \u00ab pour nous les hommes et pour notre salut, (J\u00e9sus-Christ, le Fils unique de Dieu) descendit du ciel. Par l&rsquo;Esprit Saint, il a pris chair de la Vierge Marie et s&rsquo;est fait homme. \u00bb C&rsquo;est de notre salut, de mon salut qu&rsquo;il est question. Et donc d&rsquo;une r\u00e9ponse \u00e0 donner dans le registre m\u00eame de cette naissance : la fragilit\u00e9 d&rsquo;un nouveau-n\u00e9 \u00e0 accueillir, dont il faut prendre soin. Les pauvres, tels les bergers, ne s&rsquo;y sont pas tromp\u00e9s : ils l&rsquo;ont re\u00e7u comme leur Sauveur. Les puissants, tel H\u00e9rode, ont vu en lui un danger : ils chercheront \u00e0 le faire p\u00e9rir. Et en nous, quel coeur trouvera-t-il pour l&rsquo;accueillir ?<br \/>\n \u00ab O\u00f9 demeures-tu ? \u00bb : cette question que nous posions, voici qu&rsquo;elle nous est retourn\u00e9e par J\u00e9sus : Veux-tu que je demeure en toi ?<\/p>\n<\/div>\n","protected":false},"excerpt":{"rendered":"<p>\u00ab\u00a0Chers amis, Cette ann\u00e9e, notre dioc\u00e8se a la joie d&rsquo;accueillir 6 s\u00e9minaristes. En ce temps de No\u00f6l, je vous invite \u00e0\u00a0 prier pour chacun d&rsquo;entre eux et pour que naissent davantage de vocations sacerdotales&#46;&#46;&#46;<\/p>\n","protected":false},"author":2,"featured_media":0,"comment_status":"open","ping_status":"open","sticky":false,"template":"","format":"standard","meta":{"footnotes":""},"categories":[],"tags":[],"class_list":["post-672","post","type-post","status-publish","format-standard","hentry"],"_links":{"self":[{"href":"https:\/\/www.chapelle-crecy.com\/index.php?rest_route=\/wp\/v2\/posts\/672","targetHints":{"allow":["GET"]}}],"collection":[{"href":"https:\/\/www.chapelle-crecy.com\/index.php?rest_route=\/wp\/v2\/posts"}],"about":[{"href":"https:\/\/www.chapelle-crecy.com\/index.php?rest_route=\/wp\/v2\/types\/post"}],"author":[{"embeddable":true,"href":"https:\/\/www.chapelle-crecy.com\/index.php?rest_route=\/wp\/v2\/users\/2"}],"replies":[{"embeddable":true,"href":"https:\/\/www.chapelle-crecy.com\/index.php?rest_route=%2Fwp%2Fv2%2Fcomments&post=672"}],"version-history":[{"count":0,"href":"https:\/\/www.chapelle-crecy.com\/index.php?rest_route=\/wp\/v2\/posts\/672\/revisions"}],"wp:attachment":[{"href":"https:\/\/www.chapelle-crecy.com\/index.php?rest_route=%2Fwp%2Fv2%2Fmedia&parent=672"}],"wp:term":[{"taxonomy":"category","embeddable":true,"href":"https:\/\/www.chapelle-crecy.com\/index.php?rest_route=%2Fwp%2Fv2%2Fcategories&post=672"},{"taxonomy":"post_tag","embeddable":true,"href":"https:\/\/www.chapelle-crecy.com\/index.php?rest_route=%2Fwp%2Fv2%2Ftags&post=672"}],"curies":[{"name":"wp","href":"https:\/\/api.w.org\/{rel}","templated":true}]}}