{"id":707,"date":"2014-03-15T17:23:44","date_gmt":"2014-03-15T17:23:44","guid":{"rendered":""},"modified":"-0001-11-30T00:00:00","modified_gmt":"-0001-11-29T22:00:00","slug":"","status":"publish","type":"post","link":"https:\/\/www.chapelle-crecy.com\/?p=707","title":{"rendered":"\u00ab\u00a0Celui-ci est mon fils bien aim\u00e9 en qui j&rsquo;ai mis tout mon amour: \u00e9coutez-le !\u00a0\u00bb"},"content":{"rendered":"<div align=\"justify\">\n<div align=\"center\"><img decoding=\"async\" src=\"\/IMG\/jpg\/morvan2.jpg\n\" width=250><\/div>\n<p>Et n&rsquo;oubliez pas, dans la d\u00e9marche dioc\u00e9saine de \u00ab\u00a0Mission en Actes, d&rsquo;inviter vos proches et amis, \u00e0\u00a0 venir participer \u00e0\u00a0 la soupe de car\u00eame qui aura lieu \u00e0\u00a0 20h00, le mercredi 19 mars \u00e0\u00a0 la salle paroissiale de Cr\u00e9cy:<\/p>\n<div align=\"center\"><img decoding=\"async\" src=\"\/IMG\/jpg\/soupe.jpg\n\" width=100><\/div>\n<\/div>\n<div align=\"justify\">\n Evangile : La Transfiguration (Mt 17, 1-9).<\/p>\n<p> Evangile de J\u00e9sus Christ selon saint Matthieu<br \/>\n J\u00e9sus prend avec lui Pierre, Jacques et Jean son fr\u00e8re, et il les emm\u00e8ne \u00e0 l&rsquo;\u00e9cart, sur une haute montagne.<br \/>\n Il fut transfigur\u00e9 devant eux ; son visage devint brillant comme le soleil, et ses v\u00eatements, blancs comme la lumi\u00e8re.<br \/>\nVoici que leur apparurent Mo\u00efse et Elie, qui s&rsquo;entretenaient avec lui.<br \/>\nPierre alors prit la parole et dit \u00e0 J\u00e9sus : \u00ab Seigneur, il est heureux que nous soyons ici ! Si tu le veux, je vais dresser ici trois tentes, une pour toi, une pour Mo\u00efse et une pour Elie. \u00bb<br \/>\n Il parlait encore, lorsqu&rsquo;une nu\u00e9e lumineuse les couvrit de son ombre ; et, de la nu\u00e9e, une voix disait : \u00ab Celui-ci est mon Fils bien-aim\u00e9, en qui j&rsquo;ai mis tout mon amour ; \u00e9coutez-le ! \u00bb<br \/>\nEntendant cela, les disciples tomb\u00e8rent la face contre terre et furent saisis d&rsquo;une grande frayeur.<br \/>\n J\u00e9sus s&rsquo;approcha, les toucha et leur dit : \u00ab Relevez-vous et n&rsquo;ayez pas peur ! \u00bb<br \/>\n Levant les yeux, ils ne virent plus que lui, J\u00e9sus seul.<\/p>\n<p> En descendant de la montagne, J\u00e9sus leur donna cet ordre : \u00ab Ne parlez de cette vision \u00e0 personne, avant que le Fils de l&rsquo;homme soit ressuscit\u00e9 d&rsquo;entre les morts. \u00bb <\/p>\n<div align=\"center\">PRI\u00c3\u02c6RE UNIVERSELLE   DU  16 mars  2014<\/div>\n<p> REFRAIN    : Lumi\u00e8re de Dieu, lumi\u00e8re de vie, lumi\u00e8re des hommes<br \/>\nO J\u00e9sus Christ !<\/p>\n<p>-Seigneur tu as dis \u00e0 Abraham : \u00ab Pars de ton pays ! \u00bb et aujourd&rsquo;hui \u00e0 travers la voix de notre pape Fran\u00e7ois, tu nous le redis \u00e0 nouveau ; donne \u00e0 ton Eglise Seigneur, assez d&rsquo;audace pour aller o\u00f9 nous n&rsquo;avons pas toujours envie d&rsquo;aller, afin que le monde te connaisse, nous t&rsquo;en prions<\/p>\n<p>&#8211; Seigneur, donne nous d&rsquo;accepter jour apr\u00e8s jour, notre part de souffrance pour l&rsquo;annonce de l&rsquo;Evangile, et qu&rsquo; \u00e0 l&rsquo;exemple de Marie<br \/>\n       nous sachions attendre dans la confiance les fruits de Ta r\u00e9surrection.<\/p>\n<p>&#8211; Seigneur, apprends nous \u00e0 te prier dans le secret de notre coeur, \u00e0<br \/>\npartager et \u00e0 pardonner afin que notre temps de car\u00eame soit une rencontre intime et lumineuse avec Toi, nous t&rsquo;en prions<\/p>\n<p>&#8211; Pour nos dirigeants, pour notre Eglise, pour tous les peuples en conflit, que les baptis\u00e9s de ce monde Y soient de vrais t\u00e9moins de ta paix, nous t&rsquo;en prions.\n<\/p><\/div>\n","protected":false},"excerpt":{"rendered":"<p>Et n&rsquo;oubliez pas, dans la d\u00e9marche dioc\u00e9saine de \u00ab\u00a0Mission en Actes, d&rsquo;inviter vos proches et amis, \u00e0\u00a0 venir participer \u00e0\u00a0 la soupe de car\u00eame qui aura lieu \u00e0\u00a0 20h00, le mercredi 19 mars \u00e0\u00a0&#46;&#46;&#46;<\/p>\n","protected":false},"author":2,"featured_media":0,"comment_status":"open","ping_status":"open","sticky":false,"template":"","format":"standard","meta":{"footnotes":""},"categories":[],"tags":[],"class_list":["post-707","post","type-post","status-publish","format-standard","hentry"],"_links":{"self":[{"href":"https:\/\/www.chapelle-crecy.com\/index.php?rest_route=\/wp\/v2\/posts\/707","targetHints":{"allow":["GET"]}}],"collection":[{"href":"https:\/\/www.chapelle-crecy.com\/index.php?rest_route=\/wp\/v2\/posts"}],"about":[{"href":"https:\/\/www.chapelle-crecy.com\/index.php?rest_route=\/wp\/v2\/types\/post"}],"author":[{"embeddable":true,"href":"https:\/\/www.chapelle-crecy.com\/index.php?rest_route=\/wp\/v2\/users\/2"}],"replies":[{"embeddable":true,"href":"https:\/\/www.chapelle-crecy.com\/index.php?rest_route=%2Fwp%2Fv2%2Fcomments&post=707"}],"version-history":[{"count":0,"href":"https:\/\/www.chapelle-crecy.com\/index.php?rest_route=\/wp\/v2\/posts\/707\/revisions"}],"wp:attachment":[{"href":"https:\/\/www.chapelle-crecy.com\/index.php?rest_route=%2Fwp%2Fv2%2Fmedia&parent=707"}],"wp:term":[{"taxonomy":"category","embeddable":true,"href":"https:\/\/www.chapelle-crecy.com\/index.php?rest_route=%2Fwp%2Fv2%2Fcategories&post=707"},{"taxonomy":"post_tag","embeddable":true,"href":"https:\/\/www.chapelle-crecy.com\/index.php?rest_route=%2Fwp%2Fv2%2Ftags&post=707"}],"curies":[{"name":"wp","href":"https:\/\/api.w.org\/{rel}","templated":true}]}}