{"id":761,"date":"2014-08-30T00:30:00","date_gmt":"2014-08-30T00:30:00","guid":{"rendered":""},"modified":"-0001-11-30T00:00:00","modified_gmt":"-0001-11-29T22:00:00","slug":"","status":"publish","type":"post","link":"https:\/\/www.chapelle-crecy.com\/?p=761","title":{"rendered":"Garaison: la Vierge est apparue trois fois"},"content":{"rendered":"<div align=\"justify\">Je rentre de mes Pyr\u00e9n\u00e9es natales o\u00f9 j&rsquo;ai pass\u00e9 de d\u00e9licieuses vacances et je ne peux m&#8217;emp\u00eacher de vous donner quelques nouvelles de Notre-Dame de Garaison. Garaison, c&rsquo;est ce lieu unique, \u00e0\u00a0 la fois  cette institution o\u00f9 j&rsquo;ai pass\u00e9 le bac et cette fontaine miraculeuse devant laquelle la Vierge Marie a dit: \u00ab\u00a0Ici, je r\u00e9pandrai mes dons\u00a0\u00bb. Je vous parle de Garaison car beaucoup d&rsquo;entre vous, et notamment vous, chers amis de l&rsquo;Hospitalit\u00e9 dioc\u00e9saine de Meaux, connaissez cet endroit pour y avoir pass\u00e9 une journ\u00e9e enti\u00e8re de p\u00e8lerinage, l&rsquo;ann\u00e9e derni\u00e8re. Je me permets donc de vous donner quelques nouvelles du Sanctuaire qui se pr\u00e9pare \u00e0\u00a0 vivre l&rsquo;an prochain, le 500\u00e8me anniversaire des apparitions de la Vierge Marie \u00e0\u00a0 la petite berg\u00e8re Angl\u00e8se de Sagazan, en 1515, \u00e0\u00a0 Monl\u00e9on-Magnoac (65). Et pour tous ceux qui veulent en savoir plus, je vous conterai dans cet article l&rsquo;histoire m\u00e9connue de ce merveilleux sanctuaire marial pyr\u00e9n\u00e9en. <\/div>\n<div align=\"justify\">\n<div align=\"center\"><img decoding=\"async\" src=\"\/IMG\/jpg\/Garaison2.jpg\" width=450><\/div>\n<p> Le sanctuaire de Notre-Dame de Garaison est situ\u00e9 au nord-est du d\u00e9partement des Hautes-Pyr\u00e9n\u00e9es (65), \u00e0 la limite de la Haute-Garonne (31), \u00e0 quelques kilom\u00e8tres du Gers (32). Jusqu&rsquo;\u00e0 la R\u00e9volution, Garaison, hameau de Monl\u00e9on-Magnoac, appartenait au  dioc\u00e8se d&rsquo;Auch et au Pays des Quatre Vall\u00e9es, entre la Bigorre et le Comminges. Le Magnoac \u00e9tait l&rsquo;une de ces vall\u00e9es dont la partie m\u00e9ridionale s&rsquo;\u00e9tendait sur une vaste lande de foug\u00e8res et d&rsquo;ajoncs, propice \u00e0 l&rsquo;\u00e9levage des brebis.<\/p>\n<div align=\"center\"><img decoding=\"async\" src=\"\/IMG\/jpg\/garaison1.jpg\" width=450><\/div>\n<p> Aujourd&rsquo;hui, sur cette terre, le coll\u00e8ge Notre-Dame de Garaison (car Garaison est aussi un \u00e9tablissement scolaire reconnu) accueille pour leurs \u00e9tudes les jeunes du Plateau de Lannemezan (dont je faisais partie), de Midi-Pyr\u00e9n\u00e9es et d&rsquo;Aquitaine.  Mas, avant que ne soit entreprise la construction de ce coll\u00e8ge dont les premiers locaux furent ouverts en 1841, s&rsquo;\u00e9taient produits \u00e0 Garaison, des \u00e9v\u00e8nements extraordinaires.<\/p>\n<p> Une dame apparut trois fois<br \/>\n Au d\u00e9but du XVI\u00e8me si\u00e8cle, y vivait la famille de Sagazan. Cette famille portait, \u00e0 la mode pyr\u00e9n\u00e9enne, le nom de sa maison. Cela lui donnait un titre nobiliaire. En r\u00e9alit\u00e9, de condition modeste. Une sorte de cadastre lui attribue tout juste quelques lopins de terre. Le p\u00e8re, Guillaume de Sagazan, avait au moins une fille, issue d&rsquo;un premier mariage, qui se pr\u00e9nommait Angl\u00e8se, dont on ne sait rien de l&rsquo;enfance mais qui, \u00e0 en croire les historiens, \u00e9tait \u00ab ignorante \u00bb, dou\u00e9e d&rsquo;un clair bon sens, toute simple, droite et pieuse, incapable de mentir, aimant \u00e0 r\u00e9p\u00e9ter les quelques pri\u00e8res qu&rsquo;elle connaissait, ne parlant que le gascon (patois local).<\/p>\n<div align=\"center\"><img decoding=\"async\" src=\"\/IMG\/jpg\/Garaison9.jpg\" width=350><\/div>\n<p> Entre 1510 et 1520, dans la lande de Garaison, se produisit un \u00e9v\u00e8nement qui allait bouleverser la vie de ce petit hameau et dont le t\u00e9moin principal fut pr\u00e9cis\u00e9ment Angl\u00e8se.<br \/>\n \u00ab C&rsquo;\u00e9tait, rapporte le P.A Larrouy, une de ces ann\u00e9es de disette fr\u00e9quentes \u00e0 cette \u00e9poque, au printemps. Munie par son p\u00e8re ou sa belle-m\u00e8re d&rsquo;un morceau de grossier pain noir, la berg\u00e8re gardait le petit troupeau de la famille \u00e0 travers la lande. A trois cents m\u00e8tres environ de la maisonnette, \u00e0 mi-pente du coteau de l&rsquo;Ouest, une source qu&rsquo;ombrageait une aub\u00e9pine en fleur, jaillissait au milieu des broussailles, o\u00f9 elle ouvrait une clairi\u00e8re. L&rsquo;enfant \u00e9tait l\u00e0 quand, tout \u00e0 coup, environn\u00e9e sans doute d&rsquo;une douce lumi\u00e8re, une Dame parut devant elle, v\u00eatue de blanc, souriante, affable et, l\u00e0 aussi, \u00ab belle, belle \u00e2\u20ac\u00a6 plus que tout suivant le mot de Bernadette.\u00ab\u00a0 Ne craignez rien, dit-elle \u00e0 la berg\u00e8re saisie. Je suis la Vierge Marie, M\u00e8re de Dieu. Mais allez dire \u00e0 votre p\u00e8re d&rsquo;avertir le recteur de Monl\u00e9on qu&rsquo;il doit b\u00e2tir ici une chapelle, car j&rsquo;ai choisi ce lieu et j&rsquo;y r\u00e9pandrai mes dons \u00e2\u20ac\u02dc&rsquo;. Bient\u00f4t, l&rsquo;enfant ne la vit plus. \u00bb<br \/>\nLe p\u00e8re se rendit \u00e0 Monl\u00e9on. \u00ab Comme il venait sans preuve, il dut s&rsquo;en retourner sans effet.\u00bb Le lendemain, nouvelle apparition au m\u00eame endroit et nouvelle demande de la Vierge \u00e0 la berg\u00e8re. Nouveau doute, m\u00eame de la part du recteur, pourtant \u00e0 demi \u00e9branl\u00e9.<\/p>\n<div align=\"center\"><img decoding=\"async\" src=\"\/IMG\/jpg\/Garaison14.jpg\" width=450><\/div>\n<div align=\"center\">Bas-relief dor\u00e9 repr\u00e9sentant la 3e apparition de la Vierge \u00e0 Angl\u00e8se de Sagazan<\/div>\n<p> Laissons au P. Larrouy le soin de rapporter, en historien qu&rsquo;il \u00e9tait, la suite : \u00ab En quelques heures, la nouvelle ce ces faits extraordinaires avait circul\u00e9 et mis en \u00e9moi le voisinage. Aussi le lendemain, jour de samedi, plusieurs personnes se trouvaient-elles pr\u00e8s d&rsquo;Angl\u00e8se, entre autres ses parents, quand la dame se pr\u00e9senta de nouveau, visible pour l&rsquo;enfant seule, mais tous entendirent sa voix. Aux exigences du recteur, la Vierge r\u00e9pondit : \u00ab\u00a0Cherchez dans votre paneti\u00e8re, et chez vous dans le coffre du pain.\u00a0\u00bb Le petit sac, qui ne contenait auparavant qu&rsquo;un morceau de pain noir, \u00e9tait rempli de beau pain blanc, et de m\u00eame le coffre dans la pauvre maisonnette. \u00bb<br \/>\n Les personnes pr\u00e9sentes courent aussit\u00f4t vers Monl\u00e9on, parlent aux consuls leur donnent des preuves palpables du double miracle qui vient de s&rsquo;op\u00e9rer. Toute la ville est en \u00e9moi. Les pr\u00eatres rev\u00eatent leurs ornements de f\u00eate ; les consuls suivent le clerg\u00e9 ; le peuple accourt en foule\u00e2\u20ac\u00a6 Une bonne lieue, soit plus de cinq kilom\u00e8tres, s\u00e9parent Monl\u00e9on du val de Garaison. Au milieu des cantiques et des pri\u00e8res, une croix est plant\u00e9e sur le lieu m\u00eame des apparitions.<\/p>\n<p> La d\u00e9votion augmente\u00e2\u20ac\u00a6<br \/>\n \u00ab Bient\u00f4t, apr\u00e8s, nous est-il expliqu\u00e9, les miracles ordinaires et les gu\u00e9risons soudaines et fr\u00e9quentes qui se faisaient \u00e0 cette fontaine y attir\u00e8rent un grand concours de fid\u00e8les. Comme la d\u00e9votion augmentait de jour en jour, on y \u00e9leva provisoirement une petite chapelle. Puis on y b\u00e2tit, l&rsquo;\u00e9glise vo\u00fbt\u00e9e qu&rsquo;on y voit aujourd&rsquo;hui. \u00bb<br \/>\n Le ma \u00eetre-autel fut \u00e9lev\u00e9 \u00e0 l&rsquo;endroit m\u00eame de l&rsquo;apparition au-dessus de la source qu&rsquo;il fallut d\u00e9vier. Jusqu&rsquo;\u00e0 la R\u00e9volution, la chapelle fut un lieu de p\u00e8lerinage tr\u00e8s fr\u00e9quent\u00e9 \u00e0 certaines \u00e9poques, moins \u00e0 d&rsquo;autres : les al\u00e9as de l&rsquo;Histoire, ou de la vie tout court. Son clocher se dresse, nous le voyons, au milieu des b\u00e2timents du coll\u00e8ge et du sanctuaire. Elle est le coeur et l&rsquo;\u00e2me de l&rsquo;ensemble.<br \/>\n Avant de la visiter et d&rsquo;y prier, un mot sur son pass\u00e9. Un mot aussi, pour commencer, sur Angl\u00e8se, la jeune berg\u00e8re. Qu&rsquo;est devenue Angl\u00e8se apr\u00e8s les apparitions ? Le P. Ren\u00e9 Point apporte la r\u00e9ponse : \u00ab Comme elle avait demand\u00e9 son admission au monast\u00e8re cistercien de Fabas, situ\u00e9 \u00e0 40 kilom\u00e8tres de Garaison, les consuls de Monl\u00e9on promirent de lui fournir une dot sur les offrandes de la chapelle. \u00bb Elle fut admise comme novice, puis comme soeur converse, peut-\u00eatre m\u00eame comme soeur de choeur, suivant le titre que lui donne le n\u00e9crologue e l&rsquo;abbaye : \u00ab Dame Angl\u00e8se de Sagazan qui fut la berg\u00e8re \u00e0 qui la Sainte Vierge parla au lieu o\u00f9 est pr\u00e9sentement la chapelle de Garaison, mourut le 30 d\u00e9cembre 1582. \u00bb<\/p>\n<p> La chapelle, ses peintures, son retable<br \/>\n Franchissons le portail qui permet d&rsquo;acc\u00e9der \u00e0 la cour d&rsquo;honneur. De style j\u00e9suite, il a \u00e9t\u00e9 r\u00e9alis\u00e9 vers 1639 par un artiste d&rsquo;Auch nomm\u00e9 de Falga et r\u00e9cemment restaur\u00e9. Il est surmont\u00e9 d&rsquo;une statue en pierre de Notre-Dame des Douleurs. On peut lire l&rsquo;inscription : \u00ab Ad te domina oculi notri \u00bb\u00e2\u20ac\u00a6 Vers Toi, Notre-Dame, s&rsquo;\u00e9l\u00e8vent nos yeux.<\/p>\n<div align=\"center\"><img decoding=\"async\" src=\"\/IMG\/jpg\/Garaison7.jpg\" width=450><\/div>\n<p> Une fois dans la cour, nos regards sont attir\u00e9s par la fa\u00e7ade de la chapelle. Etonnante fa\u00e7ade, de style j\u00e9suite \u00e9galement, surmont\u00e9 du clocheton de l&rsquo;horloge et du carillon. <\/p>\n<div align=\"center\"><img decoding=\"async\" src=\"\/IMG\/jpg\/Garaison13.jpg\" width=300><\/div>\n<p>En haut de la fa\u00e7ade, un bas-relief en terre cuite \u00e9voque l&rsquo;apparition de Marie \u00e0 Angl\u00e8se, avec l&rsquo;inscription : \u00ab Ici, je r\u00e9pandrai mes dons \u00bb. Au-dessus de l&rsquo;apparition, dans un m\u00e9daillon, les paroles du Christ \u00e0 saint jean : \u00ab Ecce mater tua \u00bb. Au centre de la fa\u00e7ade, nous voyons une statue de Marie, couronn\u00e9e d&rsquo;\u00e9toiles, bras crois\u00e9s sur la poitrine, et, de part et d&rsquo;autre de la port, deux niches avec des parents de la Sainte vierge : Joachim et Anne. Au-dessus de la porte, dans un cintre, voici la Vierge avec l&rsquo;enfant-J\u00e9sus. Autour d&rsquo;elle, on distingue un p\u00e8lerin priant \u00e0 genoux, une femme avec un chapelet. <\/p>\n<div align=\"center\"><img decoding=\"async\" src=\"\/IMG\/jpg\/Garaison3.jpg\" width=450><\/div>\n<div align=\"center\"> Int\u00e9rieur de la chapelle du sanctuaire de Notre-Dame de Garaison lors de la visite de l&rsquo;Hospitalit\u00e9 de Meaux (p\u00e8lerinage 2013)<\/div>\n<div align=\"center\"><img decoding=\"async\" src=\"\/IMG\/jpg\/Garaison8.jpg\" width=350><\/div>\n<div align=\"center\"><img decoding=\"async\" src=\"\/IMG\/jpg\/Garison12.jpg\" width=350><\/div>\n<div align=\"center\"><img decoding=\"async\" src=\"\/IMG\/jpg\/Garaison11.jpg\" width=350><\/div>\n<\/div>\n","protected":false},"excerpt":{"rendered":"<p>Je rentre de mes Pyr\u00e9n\u00e9es natales o\u00f9 j&rsquo;ai pass\u00e9 de d\u00e9licieuses vacances et je ne peux m&#8217;emp\u00eacher de vous donner quelques nouvelles de Notre-Dame de Garaison. Garaison, c&rsquo;est ce lieu unique, \u00e0\u00a0 la fois&#46;&#46;&#46;<\/p>\n","protected":false},"author":2,"featured_media":0,"comment_status":"open","ping_status":"open","sticky":false,"template":"","format":"standard","meta":{"footnotes":""},"categories":[],"tags":[],"class_list":["post-761","post","type-post","status-publish","format-standard","hentry"],"_links":{"self":[{"href":"https:\/\/www.chapelle-crecy.com\/index.php?rest_route=\/wp\/v2\/posts\/761","targetHints":{"allow":["GET"]}}],"collection":[{"href":"https:\/\/www.chapelle-crecy.com\/index.php?rest_route=\/wp\/v2\/posts"}],"about":[{"href":"https:\/\/www.chapelle-crecy.com\/index.php?rest_route=\/wp\/v2\/types\/post"}],"author":[{"embeddable":true,"href":"https:\/\/www.chapelle-crecy.com\/index.php?rest_route=\/wp\/v2\/users\/2"}],"replies":[{"embeddable":true,"href":"https:\/\/www.chapelle-crecy.com\/index.php?rest_route=%2Fwp%2Fv2%2Fcomments&post=761"}],"version-history":[{"count":0,"href":"https:\/\/www.chapelle-crecy.com\/index.php?rest_route=\/wp\/v2\/posts\/761\/revisions"}],"wp:attachment":[{"href":"https:\/\/www.chapelle-crecy.com\/index.php?rest_route=%2Fwp%2Fv2%2Fmedia&parent=761"}],"wp:term":[{"taxonomy":"category","embeddable":true,"href":"https:\/\/www.chapelle-crecy.com\/index.php?rest_route=%2Fwp%2Fv2%2Fcategories&post=761"},{"taxonomy":"post_tag","embeddable":true,"href":"https:\/\/www.chapelle-crecy.com\/index.php?rest_route=%2Fwp%2Fv2%2Ftags&post=761"}],"curies":[{"name":"wp","href":"https:\/\/api.w.org\/{rel}","templated":true}]}}