{"id":762,"date":"2014-08-24T10:00:00","date_gmt":"2014-08-24T10:00:00","guid":{"rendered":""},"modified":"-0001-11-30T00:00:00","modified_gmt":"-0001-11-29T22:00:00","slug":"","status":"publish","type":"post","link":"https:\/\/www.chapelle-crecy.com\/?p=762","title":{"rendered":"Annonces de la semaine du 25 au 31 aout 2014"},"content":{"rendered":"<table bgcolor =\"F0FAFF\" border=0>\n<tbody>\n<tr>\n<td>\n<div align=\"justify\">\n<div \"708\">Voici les annonces de la p\u00e9riode du lundi 25 au dimanche 31 aout 2014 pour la paroisse des 3 clochers Cr\u00e9cy-la-Chapelle, Villiers-sur-Morin, Voulangis. <br \/>\nPas de messe le samedi pendant l&rsquo;\u00e9t\u00e9<br \/>\nDimanche 31 \u00e0\u00a0 10 h 30 &#8211; Messe \u00e0\u00a0 Cr\u00e9cy<br \/>\nRetrouvez tous les d\u00e9tails dans la suite &#8230;<\/div>\n<\/div>\n<\/td>\n<\/tr>\n<\/tbody>\n<\/table>\n<table bgcolor =\"F0F6FF\" border=0>\n<tbody>\n<tr>\n<td width=\"25%\"><font color=\"00CC00\">Lundi 25 aout<\/font><\/td>\n<td><font color=\"00CC00\"><\/p>\n<div align=\"center\"><img decoding=\"async\" src=\"\/IMG\/jpg\/MR_Crecy_2.jpg\" width=150><\/div>\n<p><\/font><\/td>\n<td><font color=\"00CC00\">17 h  C\u00e9l\u00e9bration \u00e0 la Maison de Retraite.<br \/>\n<\/font><\/td>\n<\/tr>\n<tr>\n<td><font color=\"0022CC\">Mercredi 27 aout<\/font><\/td>\n<td><font color=\"0022CC\">18h &#8211; Messe \u00e0 Cr\u00e9cy pour Georges PAQUET et Odette CAROUGE.<br \/>\n<\/font><\/td>\n<td><font color=\"0022CC\"><\/p>\n<div align=\"center\"><img decoding=\"async\" src=\"\/IMG\/lieux\/voulangis_eglise5.jpg\"  width=150><\/div>\n<p><\/font><\/td>\n<\/tr>\n<tr>\n<td><font color=\"B4B000\">Jeudi 28 aout<\/font><\/td>\n<td><font color=\"B4B000\"><\/p>\n<div align=\"center\"><img decoding=\"async\" src=\"\/IMG\/lieux\/voulangis_tableau1.jpg\"  width=150><\/div>\n<p><\/font><\/td>\n<td><font color=\"B4B000\">9 h &#8211; Messe \u00e0 Cr\u00e9cy pour Fabrice GAUTHIER et Madeleine CARLI.<br \/>\n<\/font><\/td>\n<\/tr>\n<tr>\n<td><font color=\"0022CC\">Vendredi 29 aout<\/font><\/td>\n<td><font color=\"0022CC\">18 h &#8211; Messe \u00e0 Cr\u00e9cy pour Pierre LOUIS et Marie-Louise TILLY.<br \/>\n<\/font><\/td>\n<td><font color=\"0022CC\"><\/p>\n<div align=\"center\"><img decoding=\"async\" src=\"\/IMG\/lieux\/voulangis_tableau2.jpg\"  width=150><\/div>\n<p><\/font><\/td>\n<\/tr>\n<tr>\n<td><font color=\"B4B000\">Dimanche 31 aout<\/font><\/td>\n<td><font color=\"B4B000\"><\/p>\n<div align=\"center\"><img decoding=\"async\" src=\"\/IMG\/lieux\/stgeorges12.jpg\"  width=150><\/div>\n<p><\/font><\/td>\n<td><font color=\"B4B000\">10 h 30 &#8211; Messe \u00e0 Cr\u00e9cy pour R\u00e9gine MEUNIER et Claude LABE.<br \/>\n<\/font><\/td>\n<\/tr>\n<\/tbody>\n<\/table>\n","protected":false},"excerpt":{"rendered":"<p>Voici les annonces de la p\u00e9riode du lundi 25 au dimanche 31 aout 2014 pour la paroisse des 3 clochers Cr\u00e9cy-la-Chapelle, Villiers-sur-Morin, Voulangis. Pas de messe le samedi pendant l&rsquo;\u00e9t\u00e9 Dimanche 31 \u00e0\u00a0 10&#46;&#46;&#46;<\/p>\n","protected":false},"author":2,"featured_media":0,"comment_status":"open","ping_status":"open","sticky":false,"template":"","format":"standard","meta":{"footnotes":""},"categories":[],"tags":[],"class_list":["post-762","post","type-post","status-publish","format-standard","hentry"],"_links":{"self":[{"href":"https:\/\/www.chapelle-crecy.com\/index.php?rest_route=\/wp\/v2\/posts\/762","targetHints":{"allow":["GET"]}}],"collection":[{"href":"https:\/\/www.chapelle-crecy.com\/index.php?rest_route=\/wp\/v2\/posts"}],"about":[{"href":"https:\/\/www.chapelle-crecy.com\/index.php?rest_route=\/wp\/v2\/types\/post"}],"author":[{"embeddable":true,"href":"https:\/\/www.chapelle-crecy.com\/index.php?rest_route=\/wp\/v2\/users\/2"}],"replies":[{"embeddable":true,"href":"https:\/\/www.chapelle-crecy.com\/index.php?rest_route=%2Fwp%2Fv2%2Fcomments&post=762"}],"version-history":[{"count":0,"href":"https:\/\/www.chapelle-crecy.com\/index.php?rest_route=\/wp\/v2\/posts\/762\/revisions"}],"wp:attachment":[{"href":"https:\/\/www.chapelle-crecy.com\/index.php?rest_route=%2Fwp%2Fv2%2Fmedia&parent=762"}],"wp:term":[{"taxonomy":"category","embeddable":true,"href":"https:\/\/www.chapelle-crecy.com\/index.php?rest_route=%2Fwp%2Fv2%2Fcategories&post=762"},{"taxonomy":"post_tag","embeddable":true,"href":"https:\/\/www.chapelle-crecy.com\/index.php?rest_route=%2Fwp%2Fv2%2Ftags&post=762"}],"curies":[{"name":"wp","href":"https:\/\/api.w.org\/{rel}","templated":true}]}}