{"id":765,"date":"2014-09-23T23:36:00","date_gmt":"2014-09-23T23:36:00","guid":{"rendered":""},"modified":"-0001-11-30T00:00:00","modified_gmt":"-0001-11-29T22:00:00","slug":"","status":"publish","type":"post","link":"https:\/\/www.chapelle-crecy.com\/?p=765","title":{"rendered":"P\u00e9lerinage exceptionnel \u00e0\u00a0 l&rsquo;occasion du centenaire de la guerre 14-18"},"content":{"rendered":"<div align=\"center\"><img decoding=\"async\" src=\"\/IMG\/jpg\/Peguy1.jpg\" width=450><\/div>\n<div align=\"center\"><img decoding=\"async\" src=\"\/IMG\/jpg\/Peguy2.jpg\" width=450><\/div>\n<div align=\"center\"><img decoding=\"async\" src=\"\/IMG\/jpg\/Peguy3.jpg\" width=450><\/div>\n<p>P\u00e8lerinage Notre Dame de la Marne<\/p>\n<p> Dimanche 28 septembre 2014<\/p>\n<p> Le p\u00f4le de Meaux organise dimanche prochain sa rentr\u00e9e de p\u00f4le, avec pour cette occasion un p\u00e8lerinage au d\u00e9part de Chambry sur les traces de la bataille de la marne.<\/p>\n<p> Programme :<\/p>\n<p> A partir de 7h45 : accueil<br \/>\n 08h30 : laudes \u00e0 Chambry<br \/>\n 09h00 : d\u00e9part vers le cimeti\u00e8re communal de Chambry<br \/>\n 11h00 : Messe en ext\u00e9rieur \u00e0 Notre-Dame de la Marne<br \/>\n 12h30\/14h : repas tir\u00e9 du sac<br \/>\n 14h00 : d\u00e9part vers les cimeti\u00e8res militaires fran\u00e7ais et allemand<br \/>\n 17h00 : v\u00eapres \u00e0 Chambry.<\/p>\n<div align=\"center\"><img decoding=\"async\" src=\"\/IMG\/jpg\/boucle1.jpg\" width=450><\/div>\n<div align=\"center\"><img decoding=\"async\" src=\"\/IMG\/jpg\/boucle2.jpg\" width=450><\/div>\n<p> Vous trouverez en pi\u00e8ce jointe, le tract annon\u00e7ant cet \u00e9v\u00e9nement.<\/p>\n<p> Nous comptons sur vous pour diffuser cette information au sein de vos feuilles paroissiales, dans la mesure du possible.<\/p>\n<p> Vous trouverez \u00e9galement en pi\u00e8ce jointe le PDF du dossier de presse sur l&rsquo;ensemble du programme des comm\u00e9morations 14-18, men\u00e9es par le dioc\u00e8se de Meaux.<\/p>\n<p> Vous pouvez nous contacter pour de plus amples renseignements<br \/>\n Anne et Jean-Fran\u00e7ois Louvet<br \/>\n T\u00e9l: 06 86 35 14 15<br \/>\n E-mail: annelouvet@free.fr<\/p>\n<p> Ci-joint, veuillez trouver un tr\u00e8s bel article issu du journal La Marne sur La Vierge de La Marne.<\/p>\n","protected":false},"excerpt":{"rendered":"<p>P\u00e8lerinage Notre Dame de la Marne Dimanche 28 septembre 2014 Le p\u00f4le de Meaux organise dimanche prochain sa rentr\u00e9e de p\u00f4le, avec pour cette occasion un p\u00e8lerinage au d\u00e9part de Chambry sur les traces&#46;&#46;&#46;<\/p>\n","protected":false},"author":2,"featured_media":0,"comment_status":"open","ping_status":"open","sticky":false,"template":"","format":"standard","meta":{"footnotes":""},"categories":[],"tags":[],"class_list":["post-765","post","type-post","status-publish","format-standard","hentry"],"_links":{"self":[{"href":"https:\/\/www.chapelle-crecy.com\/index.php?rest_route=\/wp\/v2\/posts\/765","targetHints":{"allow":["GET"]}}],"collection":[{"href":"https:\/\/www.chapelle-crecy.com\/index.php?rest_route=\/wp\/v2\/posts"}],"about":[{"href":"https:\/\/www.chapelle-crecy.com\/index.php?rest_route=\/wp\/v2\/types\/post"}],"author":[{"embeddable":true,"href":"https:\/\/www.chapelle-crecy.com\/index.php?rest_route=\/wp\/v2\/users\/2"}],"replies":[{"embeddable":true,"href":"https:\/\/www.chapelle-crecy.com\/index.php?rest_route=%2Fwp%2Fv2%2Fcomments&post=765"}],"version-history":[{"count":0,"href":"https:\/\/www.chapelle-crecy.com\/index.php?rest_route=\/wp\/v2\/posts\/765\/revisions"}],"wp:attachment":[{"href":"https:\/\/www.chapelle-crecy.com\/index.php?rest_route=%2Fwp%2Fv2%2Fmedia&parent=765"}],"wp:term":[{"taxonomy":"category","embeddable":true,"href":"https:\/\/www.chapelle-crecy.com\/index.php?rest_route=%2Fwp%2Fv2%2Fcategories&post=765"},{"taxonomy":"post_tag","embeddable":true,"href":"https:\/\/www.chapelle-crecy.com\/index.php?rest_route=%2Fwp%2Fv2%2Ftags&post=765"}],"curies":[{"name":"wp","href":"https:\/\/api.w.org\/{rel}","templated":true}]}}