{"id":774,"date":"2014-09-23T10:17:51","date_gmt":"2014-09-23T10:17:51","guid":{"rendered":""},"modified":"-0001-11-30T00:00:00","modified_gmt":"-0001-11-29T22:00:00","slug":"","status":"publish","type":"post","link":"https:\/\/www.chapelle-crecy.com\/?p=774","title":{"rendered":"La rentr\u00e9e litt\u00e9raire \u00e0\u00a0 Meaux"},"content":{"rendered":"<div align=\"justify\">\nFr\u00e8res et soeurs, chers amis,<\/p>\n<p>Tout r\u00e9cemment arriv\u00e9 sur Meaux, je ne pouvais pas m&rsquo;abstenir de vous pr\u00e9senter mon dernier roman qui est paru en juin dernier. Il a fallu du temps pour l&rsquo;\u00e9crire (plus de dix ans), il vous faudra moins de temps j&rsquo;esp\u00e8re pour le lire, et seulement une soir\u00e9e pour le pr\u00e9senter !<\/p>\n<p>Ce sera chose faite le mercredi 1er octobre \u00e0\u00a0 partir de 20h30<br \/>\n\u00e0\u00a0 l&rsquo;auditorium du Lyc\u00e9e Bossuet.<\/p>\n<div align=\"center\"><img decoding=\"async\" src=\"\/IMG\/jpg\/pere-leroy.jpg\" width=100><\/div>\n<p>Toutes les informations sont sur les documents ci-apr\u00e8s.<br \/>\nCordialement,<br \/>\nThierry Leroy<br \/>\nFraternit\u00e9 Saint-Etienne<br \/>\n4, Place Henri IV, 77100 MEAUX<\/p><\/div>\n<div align=\"center\"><img decoding=\"async\" src=\"\/IMG\/jpg\/couverture-2-leroy.jpg\" width=450><\/div>\n<div align=\"center\"><img decoding=\"async\" src=\"\/IMG\/jpg\/couverture-1-leroy.jpg\" width=450><\/div>\n","protected":false},"excerpt":{"rendered":"<p>Fr\u00e8res et soeurs, chers amis, Tout r\u00e9cemment arriv\u00e9 sur Meaux, je ne pouvais pas m&rsquo;abstenir de vous pr\u00e9senter mon dernier roman qui est paru en juin dernier. Il a fallu du temps pour l&rsquo;\u00e9crire&#46;&#46;&#46;<\/p>\n","protected":false},"author":2,"featured_media":0,"comment_status":"open","ping_status":"open","sticky":false,"template":"","format":"standard","meta":{"footnotes":""},"categories":[],"tags":[],"class_list":["post-774","post","type-post","status-publish","format-standard","hentry"],"_links":{"self":[{"href":"https:\/\/www.chapelle-crecy.com\/index.php?rest_route=\/wp\/v2\/posts\/774","targetHints":{"allow":["GET"]}}],"collection":[{"href":"https:\/\/www.chapelle-crecy.com\/index.php?rest_route=\/wp\/v2\/posts"}],"about":[{"href":"https:\/\/www.chapelle-crecy.com\/index.php?rest_route=\/wp\/v2\/types\/post"}],"author":[{"embeddable":true,"href":"https:\/\/www.chapelle-crecy.com\/index.php?rest_route=\/wp\/v2\/users\/2"}],"replies":[{"embeddable":true,"href":"https:\/\/www.chapelle-crecy.com\/index.php?rest_route=%2Fwp%2Fv2%2Fcomments&post=774"}],"version-history":[{"count":0,"href":"https:\/\/www.chapelle-crecy.com\/index.php?rest_route=\/wp\/v2\/posts\/774\/revisions"}],"wp:attachment":[{"href":"https:\/\/www.chapelle-crecy.com\/index.php?rest_route=%2Fwp%2Fv2%2Fmedia&parent=774"}],"wp:term":[{"taxonomy":"category","embeddable":true,"href":"https:\/\/www.chapelle-crecy.com\/index.php?rest_route=%2Fwp%2Fv2%2Fcategories&post=774"},{"taxonomy":"post_tag","embeddable":true,"href":"https:\/\/www.chapelle-crecy.com\/index.php?rest_route=%2Fwp%2Fv2%2Ftags&post=774"}],"curies":[{"name":"wp","href":"https:\/\/api.w.org\/{rel}","templated":true}]}}