{"id":776,"date":"2014-10-02T23:17:16","date_gmt":"2014-10-02T23:17:16","guid":{"rendered":""},"modified":"-0001-11-30T00:00:00","modified_gmt":"-0001-11-29T22:00:00","slug":"","status":"publish","type":"post","link":"https:\/\/www.chapelle-crecy.com\/?p=776","title":{"rendered":"Retour sur le p\u00e8lerinage \u00e0\u00a0 Notre-Dame de la Marne en images"},"content":{"rendered":"<div align=\"justify\">Le 28 septembre, Mgr Nahmias, \u00e9v\u00eaque de Meaux, a conduit un p\u00e8lerinage sur six lieux \u00e9vocateurs de la bataille de l&rsquo;Ourcq, afin de \u00ab\u00a0se souvenir et prier\u00a0\u00bb. \u00bb<br \/>\nKTO TV ayant couvert l&rsquo;\u00e9v\u00e8nement, nous vous invitons \u00e0\u00a0 visionner le reportage r\u00e9alis\u00e9 ce jour-l\u00e0\u00a0 qui est pass\u00e9 ce soir, jeudi 2 octobre 2014, \u00e0\u00a0 partir de 21h35:<br \/>\n<iframe loading=\"lazy\" width=\"560\" height=\"315\" src=\"\/\/www.youtube.com\/embed\/XX43LX4LYwQ?rel=0\" frameborder=\"0\" allowfullscreen><\/iframe><br \/>\nRetrouvez \u00e9galement sur ce tr\u00e8s bel album photo ci-apr\u00e8s, fourni par le service Communication du dioc\u00e8se de Meaux, les principaux \u00e9v\u00e8nements qui ont marqu\u00e9 cette journ\u00e9e inoubliable.<\/div>\n<div align=\"justify\">\n [https:\/\/www.flickr.com\/photos\/125782871@N04\/collections\/72157647723418207\/->https:\/\/www.flickr.com\/photos\/125782871@N04\/collections\/72157647723418207\/]<br \/>\n (Reportage photos r\u00e9alis\u00e9 par le service de l&rsquo;Information et de la Communication. Un merci chaleureux \u00e0 Marie-Christine BERTIN pour son aide et sa disponibilit\u00e9).\n<\/div>\n","protected":false},"excerpt":{"rendered":"<p>Le 28 septembre, Mgr Nahmias, \u00e9v\u00eaque de Meaux, a conduit un p\u00e8lerinage sur six lieux \u00e9vocateurs de la bataille de l&rsquo;Ourcq, afin de \u00ab\u00a0se souvenir et prier\u00a0\u00bb. \u00bb KTO TV ayant couvert l&rsquo;\u00e9v\u00e8nement, nous&#46;&#46;&#46;<\/p>\n","protected":false},"author":2,"featured_media":0,"comment_status":"open","ping_status":"open","sticky":false,"template":"","format":"standard","meta":{"footnotes":""},"categories":[],"tags":[],"class_list":["post-776","post","type-post","status-publish","format-standard","hentry"],"_links":{"self":[{"href":"https:\/\/www.chapelle-crecy.com\/index.php?rest_route=\/wp\/v2\/posts\/776","targetHints":{"allow":["GET"]}}],"collection":[{"href":"https:\/\/www.chapelle-crecy.com\/index.php?rest_route=\/wp\/v2\/posts"}],"about":[{"href":"https:\/\/www.chapelle-crecy.com\/index.php?rest_route=\/wp\/v2\/types\/post"}],"author":[{"embeddable":true,"href":"https:\/\/www.chapelle-crecy.com\/index.php?rest_route=\/wp\/v2\/users\/2"}],"replies":[{"embeddable":true,"href":"https:\/\/www.chapelle-crecy.com\/index.php?rest_route=%2Fwp%2Fv2%2Fcomments&post=776"}],"version-history":[{"count":0,"href":"https:\/\/www.chapelle-crecy.com\/index.php?rest_route=\/wp\/v2\/posts\/776\/revisions"}],"wp:attachment":[{"href":"https:\/\/www.chapelle-crecy.com\/index.php?rest_route=%2Fwp%2Fv2%2Fmedia&parent=776"}],"wp:term":[{"taxonomy":"category","embeddable":true,"href":"https:\/\/www.chapelle-crecy.com\/index.php?rest_route=%2Fwp%2Fv2%2Fcategories&post=776"},{"taxonomy":"post_tag","embeddable":true,"href":"https:\/\/www.chapelle-crecy.com\/index.php?rest_route=%2Fwp%2Fv2%2Ftags&post=776"}],"curies":[{"name":"wp","href":"https:\/\/api.w.org\/{rel}","templated":true}]}}