{"id":813,"date":"2015-01-04T16:26:37","date_gmt":"2015-01-04T16:26:37","guid":{"rendered":""},"modified":"-0001-11-30T00:00:00","modified_gmt":"-0001-11-29T22:00:00","slug":"","status":"publish","type":"post","link":"https:\/\/www.chapelle-crecy.com\/?p=813","title":{"rendered":"Pour l&rsquo;Epiphanie  sans distinction  associons tous nos fr\u00e8res dans nos pri\u00e8res"},"content":{"rendered":"<div align=\"justify\">En ce jour de l&rsquo;Epiphanie, la paroisse de Cr\u00e9cy, \u00e0\u00a0 l&rsquo;issue d&rsquo;une tr\u00e8s belle c\u00e9r\u00e9monie pr\u00e9sid\u00e9e par le P\u00e8re Aim\u00e9, \u00e9tait heureuse de souhaiter un tr\u00e8s joyeux anniversaire \u00e0\u00a0 Lucette Bornier et par l\u00e0\u00a0 m\u00eame, lui rendre un vibrant hommage pour ses nombreuses ann\u00e9es de service rendues au secr\u00e9tariat de la paroisse. En ce d\u00e9but d&rsquo;ann\u00e9e 2015, Thierry Briane f\u00eatait \u00e9galement son entr\u00e9e officielle comme coordinateur de l&rsquo;EAP (Equipe d&rsquo;Animation Pastorale). Nous lui souhaitons bon vent pour sa mission de 4 ans. Qu&rsquo;il porte avec joie et honneur cette magnifique fonction dont le flambeau lui a \u00e9t\u00e9 transmis par Christian Latieule, que nous saluons pour les actions qu&rsquo;il a men\u00e9es au cours de son mandat.\n<\/div>\n<div align=\"justify\">\n<div align=\"center\"><img decoding=\"async\" src=\"\/IMG\/jpg\/epiphanie.jpg\" width=450><\/div>\n<div align=\"center\">Christelle Carrara, la nouvelle secr\u00e9taire, Eliane et Alain Macquart f\u00eatant leur 50 ans de mariage, le P\u00e8re Aim\u00e9 (qu&rsquo;on ne pr\u00e9sente plus!), Lucette Bornier, une figure de la paroisse des 3 clochers et Thierry Briane, le nouveau coordinateur<\/div>\n<div align=\"center\">Pri\u00e8re<\/div>\n<p> O\u00f9 donc verra-t-on le Christ,<br \/>\n sinon \u00e0 travers<br \/>\n des communaut\u00e9s rassembl\u00e9es<br \/>\n pour c\u00e9l\u00e9brer sa mort et sa R\u00e9surrection<br \/>\n et la joie qui en jaillit pour le monde,<br \/>\n O\u00f9 donc entendra-t-on le Christ,<br \/>\n sinon \u00e0 travers des communaut\u00e9s<br \/>\n qui annoncent la parole de lib\u00e9ration<br \/>\n \u00e0 travers des actes de pardon et de paix?<br \/>\n O\u00f9 donc brillera le visage du Christ,<br \/>\n sinon \u00e0 travers des communaut\u00e9s<br \/>\n vibrant concr\u00e8tement selon son Esprit<br \/>\n et pratiquant chaque jour son Evangile?<\/p>\n<div align=\"center\">Seigneur J\u00e9sus,<br \/>\n envoie-nous sur les chemins quotidiens !<br \/>\n Oui, envoie-nous donner notre bienveillance,<br \/>\n accorder notre attention,<br \/>\n engager notre solidarit\u00e9,<br \/>\n travailler pour la dignit\u00e9,<br \/>\n prendre du temps pour la pri\u00e8re.<br \/>\n Et qu&rsquo;ainsi, \u00e0 travers notre existence<br \/>\n men\u00e9e selon l&rsquo;Evangile,<br \/>\n apparaisse le Visage du Christ Ressuscit\u00e9<br \/>\n pour nos fr\u00e8res de ce temps!<\/div>\n<p> D\u00e9finition de l&rsquo;Epiphanie:<br \/>\n manifestation de la divinit\u00e9 de J\u00e9sus \u00e0 tous les peuples, toutes les nations pa\u00efennes incluses, toutes les cultures, tous les hommes, toute la terre. <\/p>\n<p> Rappel sur la signification des pr\u00e9sents des rois Mages:<br \/>\n Les 3 cadeaux des mages symbolisent les fonctions royales sacerdotale et proph\u00e9tique du Christ J\u00e9sus:<br \/>\n L&rsquo;or pour la richesse du monde qui appartient \u00e0 Dieu;<br \/>\n L&rsquo;encens pour le culte que rend le pr\u00eatre \u00e0 Dieu<br \/>\n La myrrhe pour la dignit\u00e9 de l&rsquo;onction proph\u00e9tique qui fait l&rsquo;envoy\u00e9 de Dieu.\n<\/p><\/div>\n","protected":false},"excerpt":{"rendered":"<p>En ce jour de l&rsquo;Epiphanie, la paroisse de Cr\u00e9cy, \u00e0\u00a0 l&rsquo;issue d&rsquo;une tr\u00e8s belle c\u00e9r\u00e9monie pr\u00e9sid\u00e9e par le P\u00e8re Aim\u00e9, \u00e9tait heureuse de souhaiter un tr\u00e8s joyeux anniversaire \u00e0\u00a0 Lucette Bornier et par l\u00e0\u00a0&#46;&#46;&#46;<\/p>\n","protected":false},"author":2,"featured_media":0,"comment_status":"open","ping_status":"open","sticky":false,"template":"","format":"standard","meta":{"footnotes":""},"categories":[],"tags":[],"class_list":["post-813","post","type-post","status-publish","format-standard","hentry"],"_links":{"self":[{"href":"https:\/\/www.chapelle-crecy.com\/index.php?rest_route=\/wp\/v2\/posts\/813","targetHints":{"allow":["GET"]}}],"collection":[{"href":"https:\/\/www.chapelle-crecy.com\/index.php?rest_route=\/wp\/v2\/posts"}],"about":[{"href":"https:\/\/www.chapelle-crecy.com\/index.php?rest_route=\/wp\/v2\/types\/post"}],"author":[{"embeddable":true,"href":"https:\/\/www.chapelle-crecy.com\/index.php?rest_route=\/wp\/v2\/users\/2"}],"replies":[{"embeddable":true,"href":"https:\/\/www.chapelle-crecy.com\/index.php?rest_route=%2Fwp%2Fv2%2Fcomments&post=813"}],"version-history":[{"count":0,"href":"https:\/\/www.chapelle-crecy.com\/index.php?rest_route=\/wp\/v2\/posts\/813\/revisions"}],"wp:attachment":[{"href":"https:\/\/www.chapelle-crecy.com\/index.php?rest_route=%2Fwp%2Fv2%2Fmedia&parent=813"}],"wp:term":[{"taxonomy":"category","embeddable":true,"href":"https:\/\/www.chapelle-crecy.com\/index.php?rest_route=%2Fwp%2Fv2%2Fcategories&post=813"},{"taxonomy":"post_tag","embeddable":true,"href":"https:\/\/www.chapelle-crecy.com\/index.php?rest_route=%2Fwp%2Fv2%2Ftags&post=813"}],"curies":[{"name":"wp","href":"https:\/\/api.w.org\/{rel}","templated":true}]}}