{"id":814,"date":"2015-01-05T12:01:08","date_gmt":"2015-01-05T12:01:08","guid":{"rendered":""},"modified":"-0001-11-30T00:00:00","modified_gmt":"-0001-11-29T22:00:00","slug":"","status":"publish","type":"post","link":"https:\/\/www.chapelle-crecy.com\/?p=814","title":{"rendered":"2\u00e8me rassemblement de la presse paroissiale !"},"content":{"rendered":"<div align=\"justify\">Notre journal paroissial de l&rsquo;Echo de la Vall\u00e9e de Cr\u00e9cy adh\u00e8re \u00e0\u00a0 cette f\u00e9d\u00e9ration nationale. Pour info, en quelques chiffres, la presse paroissiale au sein de la FNPLC, c&rsquo;est<br \/>\n&#8211; 9 associations<br \/>\n&#8211; 1 500 journaux<br \/>\n&#8211; 5 000 r\u00e9dacteurs b\u00e9n\u00e9voles (dans l&rsquo;Echo, retrouvez les signatures de Thierry, Christian, Laurence, Alain, etc.)<br \/>\n&#8211; 120 000 diffuseurs b\u00e9n\u00e9voles (tous les distributeurs du journal dans nos quartiers de Cr\u00e9cy, Villiers, Voulangis font partie de cette grande famille&#8230;)<br \/>\n&#8211; 5 animateurs de diffusion<br \/>\n&#8211; 20 millions d&rsquo;exemplaires annuels (L&rsquo;Echo de la Vall\u00e9e tire \u00e0\u00a0 8000 exemplaires par an).<br \/>\nCette ann\u00e9e, la FNPLC a l&rsquo;honneur de vous inviter du 11 au 14 mars 2015 \u00e0\u00a0 Paray-le-Monial \u00e0\u00a0 un grand rassemblement \u00ab\u00a0Au coeur de la rencontre \u00a0\u00bb de tous les acteurs de la presse paroissiale en France (dont vous trouverez le [programme-> http:\/\/www.fnplc.org\/agenda\/Rassemblement-au-coeur-rencontre-inscription\/inscription\/view] dans la suite de l&rsquo;article). Si vous vous sentez concern\u00e9s, si vous \u00eates proches et amis de l&rsquo;Echo de la Vall\u00e9e, si vous travaillez pour toute autre publication ou feuille paroissiale, si vous \u00eates annonceur du journal paroissial, pr\u00eatre du P\u00f4le de Meaux ou ailleurs de Seine-et-Marne, n&rsquo;h\u00e9sitez pas \u00e0\u00a0 vous inscrire via le site de la [FNPLC->http:\/\/www.fnplc.org\/agenda\/Rassemblement-au-coeur-rencontre-inscription] ou contacter le tr\u00e9sorier de la FNPLC au 06-52-28-28-02 ou \u00e9crire \u00e0\u00a0 jlahaille25@gmail.com.<br \/>\nDans la perspective de cette rencontre exceptionnelle, le P\u00e8re Ren\u00e9 Aucourt, pr\u00e9sident de la FNPLC et les membres du CA vous souhaitent une belle ann\u00e9e 2015.<br \/>\nNous vous invitons \u00e0\u00a0 visualiser la bande annonce de Paray 2015:<\/p>\n<div align=\"center\"><iframe loading=\"lazy\" width=\"560\" height=\"315\" src=\"https:\/\/www.youtube.com\/embed\/8bsiP-zt-nY?rel=0&#038;controls=0&#038;showinfo=0\" frameborder=\"0\" allowfullscreen><\/iframe><\/div>\n<\/div>\n<div align=\"justify\">\n<div align=\"center\"><img decoding=\"async\" src=\"\/IMG\/jpg\/ProgParay1.jpg\" width=450><\/div>\n<div align=\"center\"><img decoding=\"async\" src=\"\/IMG\/jpg\/ProgParay2.jpg\" width=450><\/div>\n<\/div>\n","protected":false},"excerpt":{"rendered":"<p>Notre journal paroissial de l&rsquo;Echo de la Vall\u00e9e de Cr\u00e9cy adh\u00e8re \u00e0\u00a0 cette f\u00e9d\u00e9ration nationale. Pour info, en quelques chiffres, la presse paroissiale au sein de la FNPLC, c&rsquo;est &#8211; 9 associations &#8211; 1&#46;&#46;&#46;<\/p>\n","protected":false},"author":2,"featured_media":0,"comment_status":"open","ping_status":"open","sticky":false,"template":"","format":"standard","meta":{"footnotes":""},"categories":[],"tags":[],"class_list":["post-814","post","type-post","status-publish","format-standard","hentry"],"_links":{"self":[{"href":"https:\/\/www.chapelle-crecy.com\/index.php?rest_route=\/wp\/v2\/posts\/814","targetHints":{"allow":["GET"]}}],"collection":[{"href":"https:\/\/www.chapelle-crecy.com\/index.php?rest_route=\/wp\/v2\/posts"}],"about":[{"href":"https:\/\/www.chapelle-crecy.com\/index.php?rest_route=\/wp\/v2\/types\/post"}],"author":[{"embeddable":true,"href":"https:\/\/www.chapelle-crecy.com\/index.php?rest_route=\/wp\/v2\/users\/2"}],"replies":[{"embeddable":true,"href":"https:\/\/www.chapelle-crecy.com\/index.php?rest_route=%2Fwp%2Fv2%2Fcomments&post=814"}],"version-history":[{"count":0,"href":"https:\/\/www.chapelle-crecy.com\/index.php?rest_route=\/wp\/v2\/posts\/814\/revisions"}],"wp:attachment":[{"href":"https:\/\/www.chapelle-crecy.com\/index.php?rest_route=%2Fwp%2Fv2%2Fmedia&parent=814"}],"wp:term":[{"taxonomy":"category","embeddable":true,"href":"https:\/\/www.chapelle-crecy.com\/index.php?rest_route=%2Fwp%2Fv2%2Fcategories&post=814"},{"taxonomy":"post_tag","embeddable":true,"href":"https:\/\/www.chapelle-crecy.com\/index.php?rest_route=%2Fwp%2Fv2%2Ftags&post=814"}],"curies":[{"name":"wp","href":"https:\/\/api.w.org\/{rel}","templated":true}]}}