{"id":815,"date":"2015-01-08T13:51:17","date_gmt":"2015-01-08T13:51:17","guid":{"rendered":""},"modified":"-0001-11-30T00:00:00","modified_gmt":"-0001-11-29T22:00:00","slug":"","status":"publish","type":"post","link":"https:\/\/www.chapelle-crecy.com\/?p=815","title":{"rendered":"L&rsquo;\u00e9glise catholique de Seine et Marne se mobilise pour la paix"},"content":{"rendered":"<div align=\"justify\">Le dioc\u00e8se de Meaux s&rsquo;associe \u00e0\u00a0 la journ\u00e9e de deuil national en hommage aux victimes de l&rsquo;attentat perp\u00e9tr\u00e9 dans les locaux de l&rsquo;hebdomadaire satirique Charlie Hebdo et fera sonner le glas \u00e0\u00a0 la cath\u00e9drale Saint-Etienne aujourd&rsquo;hui \u00e0\u00a0 midi.<\/p>\n<div align=\"center\">Messe pour la paix<\/div>\n<p> Mgr Jean-Yves Nahmias, \u00e9v\u00eaque de Meaux, c\u00e9l\u00e9brera une messe pour la paix dans le monde ce vendredi 9 janvier \u00e0\u00a0 12h15 au vieux chapitre de la cath\u00e9drale de Meaux, avec le conseil \u00e9piscopal.<\/p>\n<p>Mgr Jean Yves Nahmias souhaite \u00e9galement que l&rsquo;ensemble des catholiques de Seine-et-Marne puisse prendre la pri\u00e8re qui suit, \u00e0\u00a0 l&rsquo;occasion des c\u00e9l\u00e9brations eucharistiques de ce dimanche 11 d\u00e9cembre (et messes anticip\u00e9es du Samedi soir), en offertoire par exemple:<\/p>\n<div align=\"center\">Fais de nous des artisans de paix <\/div>\n<div align=\"center\">Toi, J\u00e9sus Christ, qui a donn\u00e9 ta vie librement sur la croix<\/div>\n<div align=\"center\">pour le salut de toute l&rsquo;humanit\u00e9,<\/div>\n<div align=\"center\">\u00e9coute notre pri\u00e8re.<\/div>\n<div align=\"center\">Tu es le Prince de la Paix :<\/div>\n<div align=\"center\">donne-nous la sagesse qui vient du P\u00e8re<\/div>\n<div align=\"center\">et rends-nous sensibles \u00e0\u00a0 toutes les injustices.<\/div>\n<div align=\"center\">Tu es le Ressuscit\u00e9:<\/div>\n<div align=\"center\">accueille nos vies en offrande et fais de nous des artisans de paix.<\/div>\n<div align=\"center\">Tu nous appelles tes amis :<\/div>\n<div align=\"center\">Donne-nous d&rsquo;\u00eatre fid\u00e8les \u00e0\u00a0 cette amiti\u00e9,<\/div>\n<div align=\"center\">br\u00fble nos coeurs de charit\u00e9<\/div>\n<div align=\"center\">et fais-nous grandir en fraternit\u00e9.<\/div>\n<div align=\"center\">Amen.<\/div>\n<\/div>\n","protected":false},"excerpt":{"rendered":"<p>Le dioc\u00e8se de Meaux s&rsquo;associe \u00e0\u00a0 la journ\u00e9e de deuil national en hommage aux victimes de l&rsquo;attentat perp\u00e9tr\u00e9 dans les locaux de l&rsquo;hebdomadaire satirique Charlie Hebdo et fera sonner le glas \u00e0\u00a0 la cath\u00e9drale&#46;&#46;&#46;<\/p>\n","protected":false},"author":2,"featured_media":0,"comment_status":"open","ping_status":"open","sticky":false,"template":"","format":"standard","meta":{"footnotes":""},"categories":[],"tags":[],"class_list":["post-815","post","type-post","status-publish","format-standard","hentry"],"_links":{"self":[{"href":"https:\/\/www.chapelle-crecy.com\/index.php?rest_route=\/wp\/v2\/posts\/815","targetHints":{"allow":["GET"]}}],"collection":[{"href":"https:\/\/www.chapelle-crecy.com\/index.php?rest_route=\/wp\/v2\/posts"}],"about":[{"href":"https:\/\/www.chapelle-crecy.com\/index.php?rest_route=\/wp\/v2\/types\/post"}],"author":[{"embeddable":true,"href":"https:\/\/www.chapelle-crecy.com\/index.php?rest_route=\/wp\/v2\/users\/2"}],"replies":[{"embeddable":true,"href":"https:\/\/www.chapelle-crecy.com\/index.php?rest_route=%2Fwp%2Fv2%2Fcomments&post=815"}],"version-history":[{"count":0,"href":"https:\/\/www.chapelle-crecy.com\/index.php?rest_route=\/wp\/v2\/posts\/815\/revisions"}],"wp:attachment":[{"href":"https:\/\/www.chapelle-crecy.com\/index.php?rest_route=%2Fwp%2Fv2%2Fmedia&parent=815"}],"wp:term":[{"taxonomy":"category","embeddable":true,"href":"https:\/\/www.chapelle-crecy.com\/index.php?rest_route=%2Fwp%2Fv2%2Fcategories&post=815"},{"taxonomy":"post_tag","embeddable":true,"href":"https:\/\/www.chapelle-crecy.com\/index.php?rest_route=%2Fwp%2Fv2%2Ftags&post=815"}],"curies":[{"name":"wp","href":"https:\/\/api.w.org\/{rel}","templated":true}]}}