{"id":816,"date":"2015-01-10T22:37:11","date_gmt":"2015-01-10T22:37:11","guid":{"rendered":""},"modified":"-0001-11-30T00:00:00","modified_gmt":"-0001-11-29T22:00:00","slug":"","status":"publish","type":"post","link":"https:\/\/www.chapelle-crecy.com\/?p=816","title":{"rendered":"Annonces de la semaine du 12 au 18 janvier 2015"},"content":{"rendered":"<table bgcolor =\"F0FAFF\" border=0>\n<tbody>\n<tr>\n<td>\n<div align=\"justify\">\n<div \"766\">Voici les annonces de la p\u00e9riode du lundi 12 au dimanche 18 janvier 2015 pour la paroisse des 3 clochers Cr\u00e9cy-la-Chapelle, Villiers-sur-Morin, Voulangis. <br \/>\nSamedi 17 \u00e0\u00a0 18 h 30, messe \u00e0\u00a0 Villiers<br \/>\nDimanche 18 \u00e0\u00a0 10 h 30, messe \u00e0\u00a0 Cr\u00e9cy <br \/>\nRetrouvez tous les d\u00e9tails dans la suite &#8230;<\/div>\n<\/div>\n<\/td>\n<\/tr>\n<\/tbody>\n<\/table>\n<table bgcolor =\"F0F6FF\" border=0>\n<tbody>\n<tr>\n<td width=\"25%\"><font color=\"00CC00\">Lundi 12 janvier<\/font><\/td>\n<td><font color=\"00CC00\"><\/p>\n<div align=\"center\"><img decoding=\"async\" src=\"\/IMG\/jpg\/MR_Crecy_2.jpg\" width=150><\/div>\n<p><\/font><\/td>\n<td><font color=\"00CC00\"><br \/>\n17 h &#8211; Messe \u00e0 la Maison de Retraite.<br \/>\n20h 30 &#8211; REUNION DES PERMANENTS DE L&rsquo;ACCUEIL au presbyt\u00e8re<br \/>\n<\/font>\n<\/td>\n<\/tr>\n<tr>\n<td><font color=\"0022CC\">Mercredi 14 janvier<\/font><\/td>\n<td><font color=\"0022CC\">18 h  Messe \u00e0 Cr\u00e9cy pour Dominique BOISGONTIER et Jacqueline BLEZY.<br \/>\n<\/font><\/td>\n<td><font color=\"0022CC\"><\/p>\n<div align=\"center\"><img decoding=\"async\" src=\"\/IMG\/lieux\/superga3.jpg\"  width=150><\/div>\n<p><\/font><\/td>\n<\/tr>\n<tr >\n<td><font color=\"882222\">Samedi 17 janvier <\/font><\/td>\n<p><\/font><\/td>\n<td><font color=\"882222\"><\/p>\n<div align=\"center\"><img decoding=\"async\" src=\"\/IMG\/lieux\/villiers_eglise2.jpg\"  width=150><\/div>\n<td><font color=\"882222\"><br \/>\n18 h 30 &#8211; Messe \u00e0 Villiers pour Andr\u00e9 et Yvette CORJON, ainsi que pour Juliette LACOMBE.<br \/>\n<\/font><\/td>\n<\/tr>\n<tr>\n<td><font color=\"00CC00\">Dimanche 18 janvier <\/font><\/td>\n<td><font color=\"00CC00\">10 h 30 &#8211;  Messe \u00e0 Cr\u00e9cy pour  Georges PICARD et  Maurice CAUGNE.<br \/>\nNous prierons aussi pour Denise DUPUIS inhum\u00e9e cette semaine.<br \/>\n<\/font><\/td>\n<td><font color=\"00CC00\"><\/p>\n<div align=\"center\"><img decoding=\"async\" src=\"\/IMG\/lieux\/stgeorges14.jpg\"  width = 150  >  <\/tr > <\/tbody>\n<\/table>\n<p><font color=\"FF6600\">Apr\u00e8s les messes de samedi et dimanche, vente des billets pour le repas de l&rsquo;amiti\u00e9 du 31 janvier<\/font><\/p>\n","protected":false},"excerpt":{"rendered":"<p>Voici les annonces de la p\u00e9riode du lundi 12 au dimanche 18 janvier 2015 pour la paroisse des 3 clochers Cr\u00e9cy-la-Chapelle, Villiers-sur-Morin, Voulangis. Samedi 17 \u00e0\u00a0 18 h 30, messe \u00e0\u00a0 Villiers Dimanche 18&#46;&#46;&#46;<\/p>\n","protected":false},"author":2,"featured_media":0,"comment_status":"open","ping_status":"open","sticky":false,"template":"","format":"standard","meta":{"footnotes":""},"categories":[],"tags":[],"class_list":["post-816","post","type-post","status-publish","format-standard","hentry"],"_links":{"self":[{"href":"https:\/\/www.chapelle-crecy.com\/index.php?rest_route=\/wp\/v2\/posts\/816","targetHints":{"allow":["GET"]}}],"collection":[{"href":"https:\/\/www.chapelle-crecy.com\/index.php?rest_route=\/wp\/v2\/posts"}],"about":[{"href":"https:\/\/www.chapelle-crecy.com\/index.php?rest_route=\/wp\/v2\/types\/post"}],"author":[{"embeddable":true,"href":"https:\/\/www.chapelle-crecy.com\/index.php?rest_route=\/wp\/v2\/users\/2"}],"replies":[{"embeddable":true,"href":"https:\/\/www.chapelle-crecy.com\/index.php?rest_route=%2Fwp%2Fv2%2Fcomments&post=816"}],"version-history":[{"count":0,"href":"https:\/\/www.chapelle-crecy.com\/index.php?rest_route=\/wp\/v2\/posts\/816\/revisions"}],"wp:attachment":[{"href":"https:\/\/www.chapelle-crecy.com\/index.php?rest_route=%2Fwp%2Fv2%2Fmedia&parent=816"}],"wp:term":[{"taxonomy":"category","embeddable":true,"href":"https:\/\/www.chapelle-crecy.com\/index.php?rest_route=%2Fwp%2Fv2%2Fcategories&post=816"},{"taxonomy":"post_tag","embeddable":true,"href":"https:\/\/www.chapelle-crecy.com\/index.php?rest_route=%2Fwp%2Fv2%2Ftags&post=816"}],"curies":[{"name":"wp","href":"https:\/\/api.w.org\/{rel}","templated":true}]}}