{"id":817,"date":"2015-01-17T17:23:44","date_gmt":"2015-01-17T17:23:44","guid":{"rendered":""},"modified":"-0001-11-30T00:00:00","modified_gmt":"-0001-11-29T22:00:00","slug":"","status":"publish","type":"post","link":"https:\/\/www.chapelle-crecy.com\/?p=817","title":{"rendered":"Annonces de la semaine du 19 au 25 janvier 2015"},"content":{"rendered":"<table bgcolor =\"F0FAFF\" border=0>\n<tbody>\n<tr>\n<td>\n<div align=\"justify\">\n<div \"767\">Voici les annonces de la p\u00e9riode du lundi 19 au dimanche 25 janvier 2015 pour la paroisse des 3 clochers Cr\u00e9cy-la-Chapelle, Villiers-sur-Morin, Voulangis. <\/p>\n<p>Samedi 24 \u00e0\u00a0 18 h 30, messe \u00e0\u00a0 Voulangis<\/p>\n<p>Dimanche 25 \u00e0\u00a0 10 h 30, messe \u00e0\u00a0 Cr\u00e9cy <\/p>\n<p>Retrouvez tous les d\u00e9tails dans la suite &#8230;<\/p><\/div>\n<\/div>\n<\/td>\n<\/tr>\n<\/tbody>\n<\/table>\n<table bgcolor =\"F0F6FF\" border=0>\n<tbody>\n<tr>\n<td width=\"25%\"><font color=\"882222\">Lundi 19 janvier<\/font><\/td>\n<td><font color=\"882222\"><\/p>\n<div align=\"center\"><img decoding=\"async\" src=\"\/IMG\/jpg\/MR_Crecy_2.jpg\" width=150><\/div>\n<p><\/font><\/td>\n<td><font color=\"882222\"><br \/>\n17 h &#8211; C\u00e9l\u00e9bration \u00e0 la Maison de Retraite.<br \/>\n<\/font>\n<\/td>\n<\/tr>\n<tr>\n<td><font color=\"00CC00\">Mardi 20 janvier <\/font><\/td>\n<td><font color=\"00CC00\">10 h &#8211; A Cr\u00e9cy, obs\u00e8ques d&rsquo;Yvette VALLEE.<br \/>\n<\/font><\/td>\n<td><font color=\"00CC00\"><\/p>\n<div align=\"center\"><img decoding=\"async\" src=\"\/IMG\/lieux\/lemas3.jpg\"  width = 150  >  <\/tr >\n<tr>\n<td><font color=\"0022CC\">Mercredi 21 janvier<br \/>\n<i>Ste Agn\u00e8s  Vierge et martyre<\/i><\/font><\/td>\n<td><font color=\"0022CC\"><\/p>\n<div align=\"center\"><img decoding=\"async\" src=\"\/IMG\/lieux\/lemas4.jpg\"  width=150><\/div>\n<p><\/font><\/td>\n<td><font color=\"0022CC\">18 h  Messe \u00e0 Cr\u00e9cy pour Andr\u00e9e LEHMANN et Fernand DOMISE.<br \/>\n<\/font><\/td>\n<\/tr>\n<tr>\n<td><font color=\"882222\">Jeudi 22 janvier<br \/>\n<i>St Vincent<\/i><\/font><\/td>\n<td><font color=\"882222\">18 h  Messe \u00e0 Cr\u00e9cy pour Jean PANHARD et Henri CORPECHOT.<br \/>\n<\/font><\/td>\n<td><font color=\"882222\">15 h &#8211; \u00e0 Villiers Obs\u00e8ques Mme Paulette LOINTIER<\/p>\n<p><\/font><\/td>\n<\/tr>\n<tr>\n<td width=\"25%\"><font color=\"00CC00\">Vendredi 23 janvier<\/font><\/td>\n<td><font color=\"00CC00\"><\/p>\n<div align=\"center\"><img decoding=\"async\" src=\"\/IMG\/lieux\/lemas1.jpg\" width=150><\/div>\n<p><\/font><\/td>\n<td><font color=\"00CC00\"><br \/>\n9 h  Messe \u00e0 Cr\u00e9cy pour Pierre LOUIS et Violette CHILLY.<br \/>\n<\/font>\n<\/td>\n<\/tr>\n<tr >\n<td><font color=\"0022CC\">Samedi 24 janvier <br \/>\n<i>St Fran\u00e7ois de Sales <\/i><\/font><\/td>\n<p><\/font><\/td>\n<td><font color=\"0022CC\"><br \/>\n18 h 30 &#8211; Messe \u00e0 Voulangis pour  Maryvonne MATHONNET et Jean-Charles POTEL.<br \/>\n<\/font><\/td>\n<td><font color=\"0022CC\"><\/p>\n<div align=\"center\"><img decoding=\"async\" src=\"\/IMG\/personnes\/francois_sales.jpg\"  width=150><\/div>\n<\/tr>\n<tr>\n<td><font color=\"882222\">Dimanche 25 janvier<\/font><\/td>\n<p><\/font><\/td>\n<td><font color=\"882222\"><\/p>\n<div align=\"center\"><img decoding=\"async\" src=\"\/IMG\/lieux\/stgeorges14.jpg\"  width = 150  >\n<\/td>\n<td><font color=\"882222\">10 h 30 &#8211;  Messe \u00e0 Cr\u00e9cy pour  Gaby et Pierre BEAUMONT, ainsi que MEUNIER  Maurice . Elle sera \u00e9galement c\u00e9l\u00e9br\u00e9e pour Yvette VALLEE inhum\u00e9e cette semaine.<\/p>\n<\/tr > <\/tbody>\n<\/table>\n<p><font color=\"FF6600\">Apr\u00e8s les messes de samedi et dimanche, vente des billets pour le repas de l&rsquo;amiti\u00e9 du 31 janvier<\/font><br \/>\nIllustrations de mardi \u00e0 vendredi : Coll\u00e9giale Saint-Vincent du Mas d&rsquo;Agenais<\/p>\n","protected":false},"excerpt":{"rendered":"<p>Voici les annonces de la p\u00e9riode du lundi 19 au dimanche 25 janvier 2015 pour la paroisse des 3 clochers Cr\u00e9cy-la-Chapelle, Villiers-sur-Morin, Voulangis. Samedi 24 \u00e0\u00a0 18 h 30, messe \u00e0\u00a0 Voulangis Dimanche 25&#46;&#46;&#46;<\/p>\n","protected":false},"author":2,"featured_media":0,"comment_status":"open","ping_status":"open","sticky":false,"template":"","format":"standard","meta":{"footnotes":""},"categories":[],"tags":[],"class_list":["post-817","post","type-post","status-publish","format-standard","hentry"],"_links":{"self":[{"href":"https:\/\/www.chapelle-crecy.com\/index.php?rest_route=\/wp\/v2\/posts\/817","targetHints":{"allow":["GET"]}}],"collection":[{"href":"https:\/\/www.chapelle-crecy.com\/index.php?rest_route=\/wp\/v2\/posts"}],"about":[{"href":"https:\/\/www.chapelle-crecy.com\/index.php?rest_route=\/wp\/v2\/types\/post"}],"author":[{"embeddable":true,"href":"https:\/\/www.chapelle-crecy.com\/index.php?rest_route=\/wp\/v2\/users\/2"}],"replies":[{"embeddable":true,"href":"https:\/\/www.chapelle-crecy.com\/index.php?rest_route=%2Fwp%2Fv2%2Fcomments&post=817"}],"version-history":[{"count":0,"href":"https:\/\/www.chapelle-crecy.com\/index.php?rest_route=\/wp\/v2\/posts\/817\/revisions"}],"wp:attachment":[{"href":"https:\/\/www.chapelle-crecy.com\/index.php?rest_route=%2Fwp%2Fv2%2Fmedia&parent=817"}],"wp:term":[{"taxonomy":"category","embeddable":true,"href":"https:\/\/www.chapelle-crecy.com\/index.php?rest_route=%2Fwp%2Fv2%2Fcategories&post=817"},{"taxonomy":"post_tag","embeddable":true,"href":"https:\/\/www.chapelle-crecy.com\/index.php?rest_route=%2Fwp%2Fv2%2Ftags&post=817"}],"curies":[{"name":"wp","href":"https:\/\/api.w.org\/{rel}","templated":true}]}}